{"id":6595,"date":"2012-01-16T14:35:57","date_gmt":"2012-01-16T13:35:57","guid":{"rendered":"http:\/\/www.guillemcalatrava.com\/2012\/01\/16\/retocando-que-es-gerundio\/"},"modified":"2012-01-16T14:35:57","modified_gmt":"2012-01-16T13:35:57","slug":"retocando-que-es-gerundio","status":"publish","type":"post","link":"https:\/\/guillemcalatrava.com\/ca\/2012\/01\/16\/retocando-que-es-gerundio\/","title":{"rendered":"Retocando, que es gerundio"},"content":{"rendered":"<p><a class=\"lightbox\" title=\"making_of_001\" href=\"http:\/\/guillemcalatrava.com\/wp-content\/uploads\/making_of_001.jpg\"><img loading=\"lazy\" decoding=\"async\" class=\"alignleft size-medium wp-image-1659\" title=\"making_of_001\" alt=\"\" src=\"http:\/\/guillemcalatrava.com\/wp-content\/uploads\/making_of_001-300x199.jpg\" width=\"300\" height=\"199\" \/><\/a>Los \u00faltimos meses de 2011 estuve pr\u00e1cticamente dedic\u00e1ndolo a un \u00fanico cliente, un trabajo que me llev\u00f3 \u00a03 jornadas de sesi\u00f3n de fotos, pero semanas con muchas horas de retoque.<\/p>\n<p>Es lo malo (o lo bueno, no s\u00e9) que tiene ser un aut\u00f3nomo peque\u00f1o y con gran nivel de autoexigencia y\u00a0reticente\u00a0a dejar que el trabajo que empieza uno como fot\u00f3grafo lo termine otro como retocador.<\/p>\n<p>Para que os hag\u00e1is una idea del tute que me met\u00ed os dejo con algunos ejemplos de lo que ser\u00eda una imagen original y su resultado final.<\/p>\n<p>Pod\u00e9is ver otras im\u00e1genes finales en mi <a href=\"http:\/\/guillemcalatrava.com\/galeria\/\">Galer\u00eda<\/a> de fotos en el apartado de <a href=\"http:\/\/guillemcalatrava.com\/galeria\/product\/\">Producto<\/a>.<\/p>\n<h5>Braun.<\/h5>\n<p>El cliente me proporcion\u00f3 el stand, y una peque\u00f1a parte (simb\u00f3lica) del producto con el que se deb\u00eda llenar el mostrador.<\/p>\n<p>Imagen inicial:<\/p>\n<p style=\"text-align: center;\"><a class=\"lightbox\" title=\"braun_01_001\" href=\"http:\/\/guillemcalatrava.com\/wp-content\/uploads\/braun_01_001.jpg\"><img loading=\"lazy\" decoding=\"async\" class=\" wp-image-1660 aligncenter\" title=\"braun_01_001\" alt=\"\" src=\"http:\/\/guillemcalatrava.com\/wp-content\/uploads\/braun_01_001.jpg\" width=\"533\" height=\"800\" \/><\/a><\/p>\n<p style=\"text-align: left;\">Imagen final:<\/p>\n<p style=\"text-align: center;\"><a class=\"lightbox\" title=\"Braun\" href=\"http:\/\/guillemcalatrava.com\/wp-content\/uploads\/Braun.jpg\"><img loading=\"lazy\" decoding=\"async\" class=\"size-full wp-image-1661 aligncenter\" title=\"Braun\" alt=\"\" src=\"http:\/\/guillemcalatrava.com\/wp-content\/uploads\/Braun.jpg\" width=\"536\" height=\"800\" \/><\/a><\/p>\n<h5>Compex<\/h5>\n<p>Un stand complejo por el tipo de iluminaci\u00f3n propio (led violeta), el cliente me facilit\u00f3 2 muestras de producto.<\/p>\n<p>Imagen inicial:<\/p>\n<p style=\"text-align: center;\"><a class=\"lightbox\" title=\"compex_01_001\" href=\"http:\/\/guillemcalatrava.com\/wp-content\/uploads\/compex_01_001.jpg\"><img loading=\"lazy\" decoding=\"async\" class=\"aligncenter  wp-image-1664\" title=\"compex_01_001\" alt=\"\" src=\"http:\/\/guillemcalatrava.com\/wp-content\/uploads\/compex_01_001.jpg\" width=\"533\" height=\"800\" \/><\/a><\/p>\n<p style=\"text-align: left;\">Imagen final:<\/p>\n<p style=\"text-align: center;\"><a class=\"lightbox\" title=\"compex\" href=\"http:\/\/guillemcalatrava.com\/wp-content\/uploads\/compex.jpg\"><img loading=\"lazy\" decoding=\"async\" class=\"aligncenter size-full wp-image-1665\" title=\"compex\" alt=\"\" src=\"http:\/\/guillemcalatrava.com\/wp-content\/uploads\/compex.jpg\" width=\"533\" height=\"800\" \/><\/a><\/p>\n<h5 style=\"text-align: left;\">M&amp;M&#8217;s<\/h5>\n<p style=\"text-align: left;\">Otra vez, con producto escaso, y la dificultad a\u00f1adida de ser un mostrador de material pl\u00e1stico completamente reflectante.<\/p>\n<p style=\"text-align: left;\">Imagen inicial:<\/p>\n<p style=\"text-align: center;\"><a class=\"lightbox\" title=\"m&amp;m_01_001\" href=\"http:\/\/guillemcalatrava.com\/wp-content\/uploads\/mm_01_001.jpg\"><img loading=\"lazy\" decoding=\"async\" class=\"aligncenter  wp-image-1668\" title=\"m&amp;m_01_001\" alt=\"\" src=\"http:\/\/guillemcalatrava.com\/wp-content\/uploads\/mm_01_001.jpg\" width=\"533\" height=\"800\" \/><\/a><\/p>\n<p style=\"text-align: left;\">Imagen final:<\/p>\n<p style=\"text-align: left;\"><a class=\"lightbox\" title=\"m&amp;m\" href=\"http:\/\/guillemcalatrava.com\/wp-content\/uploads\/mm.jpg\"><img loading=\"lazy\" decoding=\"async\" class=\"aligncenter size-full wp-image-1667\" title=\"m&amp;m\" alt=\"\" src=\"http:\/\/guillemcalatrava.com\/wp-content\/uploads\/mm.jpg\" width=\"533\" height=\"800\" \/><\/a><\/p>\n","protected":false},"excerpt":{"rendered":"<p>Los \u00faltimos meses de 2011 estuve pr\u00e1cticamente dedic\u00e1ndolo a un \u00fanico cliente, un trabajo que me llev\u00f3 \u00a03 jornadas de sesi\u00f3n de fotos, pero semanas con muchas horas de retoque. Es lo malo (o lo bueno, no s\u00e9) que tiene ser un aut\u00f3nomo peque\u00f1o y con gran nivel de autoexigencia y\u00a0reticente\u00a0a dejar que el trabajo [&hellip;]<\/p>\n","protected":false},"author":2,"featured_media":0,"comment_status":"open","ping_status":"open","sticky":false,"template":"","format":"standard","meta":{"_et_pb_use_builder":"","_et_pb_old_content":"","_et_gb_content_width":"","ngg_post_thumbnail":0,"footnotes":""},"categories":[85],"tags":[],"class_list":["post-6595","post","type-post","status-publish","format-standard","hentry","category-fotografia-ca"],"_links":{"self":[{"href":"https:\/\/guillemcalatrava.com\/ca\/wp-json\/wp\/v2\/posts\/6595","targetHints":{"allow":["GET"]}}],"collection":[{"href":"https:\/\/guillemcalatrava.com\/ca\/wp-json\/wp\/v2\/posts"}],"about":[{"href":"https:\/\/guillemcalatrava.com\/ca\/wp-json\/wp\/v2\/types\/post"}],"author":[{"embeddable":true,"href":"https:\/\/guillemcalatrava.com\/ca\/wp-json\/wp\/v2\/users\/2"}],"replies":[{"embeddable":true,"href":"https:\/\/guillemcalatrava.com\/ca\/wp-json\/wp\/v2\/comments?post=6595"}],"version-history":[{"count":0,"href":"https:\/\/guillemcalatrava.com\/ca\/wp-json\/wp\/v2\/posts\/6595\/revisions"}],"wp:attachment":[{"href":"https:\/\/guillemcalatrava.com\/ca\/wp-json\/wp\/v2\/media?parent=6595"}],"wp:term":[{"taxonomy":"category","embeddable":true,"href":"https:\/\/guillemcalatrava.com\/ca\/wp-json\/wp\/v2\/categories?post=6595"},{"taxonomy":"post_tag","embeddable":true,"href":"https:\/\/guillemcalatrava.com\/ca\/wp-json\/wp\/v2\/tags?post=6595"}],"curies":[{"name":"wp","href":"https:\/\/api.w.org\/{rel}","templated":true}]}}