{"id":6593,"date":"2012-01-18T17:30:33","date_gmt":"2012-01-18T16:30:33","guid":{"rendered":"http:\/\/www.guillemcalatrava.com\/2012\/01\/18\/rescatando-imagenes-del-disco-duro-de-los-recuerdos\/"},"modified":"2012-01-18T17:30:33","modified_gmt":"2012-01-18T16:30:33","slug":"rescatando-imagenes-del-disco-duro-de-los-recuerdos","status":"publish","type":"post","link":"https:\/\/guillemcalatrava.com\/ca\/2012\/01\/18\/rescatando-imagenes-del-disco-duro-de-los-recuerdos\/","title":{"rendered":"Rescatando im\u00e1genes del &#8220;disco duro de los recuerdos&#8221;"},"content":{"rendered":"<p>Hace tiempo que tengo en mente cambiar mi disco duro principal del Mac Pro por uno de memoria solida (SSD), para ello, antes debo de hacer algo de limpieza del disco, guardar cosas en su lugar, borrar otras&#8230; etc etc<\/p>\n<p>Con todas estas tareas de orden, localic\u00e9 unas carpetas con fotos que no ten\u00eda catalogadas en mi librer\u00eda de Ligthroom, tomadas entre 2006 y 2009 (sigo sin comprender porqu\u00e9 las guard\u00e9 all\u00ed y no donde toca, pero bueno). Os dejo con una imagen de las rescatadas:<\/p>\n<p style=\"text-align: center;\"><a class=\"lightbox\" title=\"DHL_001\" href=\"http:\/\/guillemcalatrava.com\/wp-content\/uploads\/DHL_001.jpg\"><img loading=\"lazy\" decoding=\"async\" class=\"aligncenter  wp-image-1694\" title=\"DHL_001\" src=\"http:\/\/guillemcalatrava.com\/wp-content\/uploads\/DHL_001.jpg\" alt=\"\" width=\"640\" height=\"426\" \/><\/a><\/p>\n","protected":false},"excerpt":{"rendered":"<p>Hace tiempo que tengo en mente cambiar mi disco duro principal del Mac Pro por uno de memoria solida (SSD), para ello, antes debo de hacer algo de limpieza del disco, guardar cosas en su lugar, borrar otras&#8230; etc etc Con todas estas tareas de orden, localic\u00e9 unas carpetas con fotos que no ten\u00eda catalogadas [&hellip;]<\/p>\n","protected":false},"author":2,"featured_media":0,"comment_status":"open","ping_status":"open","sticky":false,"template":"","format":"standard","meta":{"_et_pb_use_builder":"","_et_pb_old_content":"","_et_gb_content_width":"","ngg_post_thumbnail":0,"footnotes":""},"categories":[76,72,79,85],"tags":[],"class_list":["post-6593","post","type-post","status-publish","format-standard","hentry","category-blanc-i-negre","category-color-ca","category-curiositats","category-fotografia-ca"],"_links":{"self":[{"href":"https:\/\/guillemcalatrava.com\/ca\/wp-json\/wp\/v2\/posts\/6593","targetHints":{"allow":["GET"]}}],"collection":[{"href":"https:\/\/guillemcalatrava.com\/ca\/wp-json\/wp\/v2\/posts"}],"about":[{"href":"https:\/\/guillemcalatrava.com\/ca\/wp-json\/wp\/v2\/types\/post"}],"author":[{"embeddable":true,"href":"https:\/\/guillemcalatrava.com\/ca\/wp-json\/wp\/v2\/users\/2"}],"replies":[{"embeddable":true,"href":"https:\/\/guillemcalatrava.com\/ca\/wp-json\/wp\/v2\/comments?post=6593"}],"version-history":[{"count":0,"href":"https:\/\/guillemcalatrava.com\/ca\/wp-json\/wp\/v2\/posts\/6593\/revisions"}],"wp:attachment":[{"href":"https:\/\/guillemcalatrava.com\/ca\/wp-json\/wp\/v2\/media?parent=6593"}],"wp:term":[{"taxonomy":"category","embeddable":true,"href":"https:\/\/guillemcalatrava.com\/ca\/wp-json\/wp\/v2\/categories?post=6593"},{"taxonomy":"post_tag","embeddable":true,"href":"https:\/\/guillemcalatrava.com\/ca\/wp-json\/wp\/v2\/tags?post=6593"}],"curies":[{"name":"wp","href":"https:\/\/api.w.org\/{rel}","templated":true}]}}