{"id":6592,"date":"2012-01-19T13:04:34","date_gmt":"2012-01-19T12:04:34","guid":{"rendered":"http:\/\/www.guillemcalatrava.com\/2012\/01\/19\/rescatando-imagenes-ii-fotografo-cazado\/"},"modified":"2012-01-19T13:04:34","modified_gmt":"2012-01-19T12:04:34","slug":"rescatando-imagenes-ii-fotografo-cazado","status":"publish","type":"post","link":"https:\/\/guillemcalatrava.com\/ca\/2012\/01\/19\/rescatando-imagenes-ii-fotografo-cazado\/","title":{"rendered":"Rescatando im\u00e1genes II (fot\u00f3grafo cazado)"},"content":{"rendered":"<p>Como os comentaba ayer, he estado haciendo limpieza de discos duros, y <a href=\"http:\/\/guillemcalatrava.com\/2012\/01\/18\/rescatando-imagenes-del-disco-duro-de-los-recuerdos\/\">encontr\u00e9 algunas im\u00e1genes que ya ni recordaba<\/a>. La que os ense\u00f1o hoy la imagen en s\u00ed no es que sea muy buena la verdad, pero tiene su gracia.<\/p>\n<p>Se trata de un retrato mi amigo-socio-colega (no s\u00e9 en qu\u00e9 orden se deber\u00eda de poner la relaci\u00f3n que tenemos) <a href=\"http:\/\/www.joanvendrell.com\" target=\"_blank\" rel=\"noopener\">Joan Vendrell<\/a>, fue durante un paseo por Barcelona en invierno de 2009 provando una Canon IXUS 870 IS (la que tiene entre manos) y yo iba con una Canon EOS 5D provando un objetivo de 50mm (creo que era el Canon EF 50mm 1,4, no recuerdo del todo bien, pues <a href=\"http:\/\/naturpixel.com\/2009\/02\/19\/comparativa-50mm-canon-leica-carl-zeiss\/\" target=\"_blank\" rel=\"noopener\">ese d\u00eda prob\u00e9 bastantes 50mm para hacer una comparativa<\/a>). La imagen es esta:<\/p>\n<p style=\"text-align: center;\"><a class=\"lightbox\" title=\"joan_001\" href=\"http:\/\/guillemcalatrava.com\/wp-content\/uploads\/joan_001.jpg\"><img loading=\"lazy\" decoding=\"async\" class=\"aligncenter  wp-image-1706\" title=\"joan_001\" src=\"http:\/\/guillemcalatrava.com\/wp-content\/uploads\/joan_001.jpg\" alt=\"\" width=\"426\" height=\"640\" \/><\/a><\/p>\n<p style=\"text-align: left;\">Si, lo s\u00e9, ya he avisado que la foto no tiene nada de especial, s\u00f3lo tiene su gracia. Y la gracia (a parte de que Joan entonces llevaba melena) es la fotograf\u00eda que estaba tomando Joan, despu\u00e9s de la limpieza de discos, me di cuenta que se trataba de una imagen que usamos en los apuntes de nuestros <a href=\"http:\/\/naturpixel.com\/cursos-de-fotografia\/\" target=\"_blank\" rel=\"noopener\">cursos de fotograf\u00eda<\/a> con <a href=\"http:\/\/naturpixel.com\" target=\"_blank\" rel=\"noopener\">Naturpixel<\/a>, una imagen que aprovechamos para mencionar la importancia en la composici\u00f3n, rellenando espacios y aprovechando las l\u00edneas.<\/p>\n<p style=\"text-align: center;\"><a class=\"lightbox\" title=\"joan2_001\" href=\"http:\/\/guillemcalatrava.com\/wp-content\/uploads\/joan2_001.jpg\"><img loading=\"lazy\" decoding=\"async\" class=\" wp-image-1707  aligncenter\" title=\"joan2_001\" src=\"http:\/\/guillemcalatrava.com\/wp-content\/uploads\/joan2_001.jpg\" alt=\"\" width=\"640\" height=\"475\" \/><\/a>Recorte y ampliaci\u00f3n<\/p>\n<p>Imagen tomada por Joan Vendrell:<\/p>\n<p style=\"text-align: center;\"><a class=\"lightbox\" title=\"joanvendrell\" href=\"http:\/\/guillemcalatrava.com\/wp-content\/uploads\/joanvendrell.jpg\"><img loading=\"lazy\" decoding=\"async\" class=\" wp-image-1708  aligncenter\" title=\"joanvendrell\" src=\"http:\/\/guillemcalatrava.com\/wp-content\/uploads\/joanvendrell.jpg\" alt=\"Joan Vendrell \u00a9\" width=\"640\" height=\"480\" \/><\/a>Joan Vendrell \u00a9<\/p>\n<p style=\"text-align: left;\">Comentar que Joan opto por reencuadre de la imagen, eliminado parte e la fuente que aparec\u00eda en la zona izquierda, dando m\u00e1s importancia a la pareja (padre e hija, suponemos).<\/p>\n","protected":false},"excerpt":{"rendered":"<p>Como os comentaba ayer, he estado haciendo limpieza de discos duros, y encontr\u00e9 algunas im\u00e1genes que ya ni recordaba. La que os ense\u00f1o hoy la imagen en s\u00ed no es que sea muy buena la verdad, pero tiene su gracia. Se trata de un retrato mi amigo-socio-colega (no s\u00e9 en qu\u00e9 orden se deber\u00eda de [&hellip;]<\/p>\n","protected":false},"author":2,"featured_media":0,"comment_status":"open","ping_status":"open","sticky":false,"template":"","format":"standard","meta":{"_et_pb_use_builder":"","_et_pb_old_content":"","_et_gb_content_width":"","ngg_post_thumbnail":0,"footnotes":""},"categories":[79,85,74],"tags":[],"class_list":["post-6592","post","type-post","status-publish","format-standard","hentry","category-curiositats","category-fotografia-ca","category-naturpixel-ca"],"_links":{"self":[{"href":"https:\/\/guillemcalatrava.com\/ca\/wp-json\/wp\/v2\/posts\/6592","targetHints":{"allow":["GET"]}}],"collection":[{"href":"https:\/\/guillemcalatrava.com\/ca\/wp-json\/wp\/v2\/posts"}],"about":[{"href":"https:\/\/guillemcalatrava.com\/ca\/wp-json\/wp\/v2\/types\/post"}],"author":[{"embeddable":true,"href":"https:\/\/guillemcalatrava.com\/ca\/wp-json\/wp\/v2\/users\/2"}],"replies":[{"embeddable":true,"href":"https:\/\/guillemcalatrava.com\/ca\/wp-json\/wp\/v2\/comments?post=6592"}],"version-history":[{"count":0,"href":"https:\/\/guillemcalatrava.com\/ca\/wp-json\/wp\/v2\/posts\/6592\/revisions"}],"wp:attachment":[{"href":"https:\/\/guillemcalatrava.com\/ca\/wp-json\/wp\/v2\/media?parent=6592"}],"wp:term":[{"taxonomy":"category","embeddable":true,"href":"https:\/\/guillemcalatrava.com\/ca\/wp-json\/wp\/v2\/categories?post=6592"},{"taxonomy":"post_tag","embeddable":true,"href":"https:\/\/guillemcalatrava.com\/ca\/wp-json\/wp\/v2\/tags?post=6592"}],"curies":[{"name":"wp","href":"https:\/\/api.w.org\/{rel}","templated":true}]}}