{"id":6586,"date":"2012-02-17T13:24:37","date_gmt":"2012-02-17T12:24:37","guid":{"rendered":"http:\/\/www.guillemcalatrava.com\/2012\/02\/17\/el-romanic-a-la-vall-de-boi\/"},"modified":"2021-04-14T10:56:41","modified_gmt":"2021-04-14T08:56:41","slug":"el-romanic-a-la-vall-de-boi","status":"publish","type":"post","link":"https:\/\/guillemcalatrava.com\/ca\/2012\/02\/17\/el-romanic-a-la-vall-de-boi\/","title":{"rendered":"&#8220;El rom\u00e0nic a la Vall de Bo\u00ed&#8221;"},"content":{"rendered":"<p>Hace casi 10 a\u00f1os que termin\u00e9 los estudios de fotograf\u00eda en la&nbsp;Escuela de Fotograf\u00eda de la Universidad Polit\u00e9cnica de Catalu\u00f1a, en Terrassa (actualmente CITM), entonces obtuve el T\u00edtulo Propio de fotograf\u00eda de la UPC que otorgaban entonces. Con todos los cambios de estudios gracias (o por culpa) al <a href=\"https:\/\/es.wikipedia.org\/wiki\/Proceso_de_Bolonia\" target=\"_blank\" rel=\"noopener\">Proceso de Bolonia<\/a>, el a\u00f1o pasado se pusieron en contacto conmigo desde mi &#8220;ex&#8221; facultad por si me interesaba hacer un a\u00f1o m\u00e1s de estudios y as\u00ed obtener el Graduado Oficial en Fotograf\u00eda y Creaci\u00f3n Digital.<\/p>\n<p>Era una oportunidad que no ten\u00eda que desaprovechar, aunque fuera (muy, muy) cara, ten\u00eda que hacerlo y oficializar as\u00ed mis estudios.<\/p>\n<p>Despu\u00e9s de todo este peque\u00f1o rollo, os quiero mostrar el trabajo que realic\u00e9 de proyecto final de carrera (o Trabajo de Fin de Grado, como les gusta llamarlo a ellos).<\/p>\n<p>Bajo el t\u00edtulo &#8220;El rom\u00e0nic a la Vall de Bo\u00ed&#8221; (El rom\u00e1nico en el Valle de Bo\u00ed), quise hacer un breve estudio-comparativo de algunas de las construcciones religiosas del valle, partiendo de fotograf\u00edas de archivo tomadas entre 1920 -1960, e intentando capturar desde el mismo punto de vista la imagen actual. Con ello se observa tanto el cambio en su entorno, como en las propias construcciones, que se han ido modificando con diferentes restauraciones.<\/p>\n<p>Todas las fotos fueron tomadas entre abril y agosto de 2011.<\/p>\n<h6>Assumpci\u00f3 del Coll<\/h6>\n<div id=\"attachment_1750\" style=\"width: 586px\" class=\"wp-caption aligncenter\"><a class=\"lightbox\" title=\"04926002\" href=\"https:\/\/guillemcalatrava.com\/wp-content\/uploads\/04926002.jpg\"><img loading=\"lazy\" decoding=\"async\" aria-describedby=\"caption-attachment-1750\" class=\" wp-image-1750 \" title=\"04926002\" src=\"https:\/\/guillemcalatrava.com\/wp-content\/uploads\/04926002.jpg\" alt=\"Negativo b\/n \u00b7 (16b) N\u00famero: C-38929 (Z-10348) A\u00f1o: 1922 - Coll (Lleida), Vall de Bo\u00ed. \u00a9 Fundaci\u00f3 Institut Amatller d\u2019Art Hisp\u00e0nic. Arxiu Mas \" width=\"576\" height=\"441\"><\/a><p id=\"caption-attachment-1750\" class=\"wp-caption-text\">Negativo b\/n \u00b7 (16b) N\u00famero: C-38929 (Z-10348) A\u00f1o: 1922 &#8211; Coll (Lleida), Vall de Bo\u00ed. \u00a9 Fundaci\u00f3 Institut Amatller d\u2019Art Hisp\u00e0nic. Arxiu Mas<\/p><\/div>\n<p style=\"text-align: center;\"><a class=\"lightbox\" title=\"Assumpcio_del_Coll\" href=\"https:\/\/guillemcalatrava.com\/wp-content\/uploads\/Assumpcio_del_Coll1.jpg\"><img loading=\"lazy\" decoding=\"async\" class=\"aligncenter wp-image-1755\" title=\"Assumpcio_del_Coll\" src=\"https:\/\/guillemcalatrava.com\/wp-content\/uploads\/Assumpcio_del_Coll1.jpg\" alt=\"\" width=\"640\" height=\"612\"><\/a>Guillem Calatrava \u00a9<\/p>\n<h6 style=\"text-align: left;\">La Nativitat de Durro<\/h6>\n<div id=\"attachment_1759\" style=\"width: 424px\" class=\"wp-caption aligncenter\"><a class=\"lightbox\" title=\"00561007\" href=\"https:\/\/guillemcalatrava.com\/wp-content\/uploads\/00561007.jpg\"><img loading=\"lazy\" decoding=\"async\" aria-describedby=\"caption-attachment-1759\" class=\" wp-image-1759 \" title=\"00561007\" src=\"https:\/\/guillemcalatrava.com\/wp-content\/uploads\/00561007.jpg\" alt=\"Negativo b\/n (16b) N\u00famero: G-43018 An\u00f1o: 1960 Durro (Lleida), Vall de Bo\u00ed. \u00a9 Fundaci\u00f3 Institut Amatller d\u2019Art Hisp\u00e0nic. Arxiu Mas \" width=\"414\" height=\"576\"><\/a><p id=\"caption-attachment-1759\" class=\"wp-caption-text\">Negativo b\/n (16b) N\u00famero: G-43018 An\u00f1o: 1960 Durro (Lleida), Vall de Bo\u00ed. \u00a9 Fundaci\u00f3 Institut Amatller d\u2019Art Hisp\u00e0nic. Arxiu Mas<\/p><\/div>\n<p style=\"text-align: center;\"><a class=\"lightbox\" title=\"Nativitat_de_Durro_I\" href=\"https:\/\/guillemcalatrava.com\/wp-content\/uploads\/Nativitat_de_Durro_I.jpg\"><img loading=\"lazy\" decoding=\"async\" class=\"aligncenter wp-image-1758\" title=\"Nativitat_de_Durro_I\" src=\"https:\/\/guillemcalatrava.com\/wp-content\/uploads\/Nativitat_de_Durro_I.jpg\" alt=\"\" width=\"515\" height=\"800\"><\/a>Guillem Calatrava \u00a9<\/p>\n<h6 style=\"text-align: left;\">Sant Climent de Ta\u00fcll<\/h6>\n<div id=\"attachment_1763\" style=\"width: 586px\" class=\"wp-caption aligncenter\"><a class=\"lightbox\" title=\"04887006\" href=\"https:\/\/guillemcalatrava.com\/wp-content\/uploads\/04887006.jpg\"><img loading=\"lazy\" decoding=\"async\" aria-describedby=\"caption-attachment-1763\" class=\" wp-image-1763 \" title=\"04887006\" src=\"https:\/\/guillemcalatrava.com\/wp-content\/uploads\/04887006.jpg\" alt=\"Negativo b\/n (16b) N\u00famero: E-13062 A\u00f1o: 1961 Ta\u00fcll (Lleida), Vall de Bo\u00ed. \u00a9 Fundaci\u00f3 Institut Amatller d\u2019Art Hisp\u00e0nic. Arxiu Mas\" width=\"576\" height=\"380\"><\/a><p id=\"caption-attachment-1763\" class=\"wp-caption-text\">Negativo b\/n (16b) N\u00famero: E-13062 A\u00f1o: 1961 Ta\u00fcll (Lleida), Vall de Bo\u00ed. \u00a9 Fundaci\u00f3 Institut Amatller d\u2019Art Hisp\u00e0nic. Arxiu Mas<\/p><\/div>\n<p style=\"text-align: center;\"><a class=\"lightbox\" title=\"Sant_Climent_de_Taull\" href=\"https:\/\/guillemcalatrava.com\/wp-content\/uploads\/Sant_Climent_de_Taull.jpg\"><img loading=\"lazy\" decoding=\"async\" class=\"aligncenter wp-image-1762\" title=\"Sant_Climent_de_Taull\" src=\"https:\/\/guillemcalatrava.com\/wp-content\/uploads\/Sant_Climent_de_Taull.jpg\" alt=\"\" width=\"640\" height=\"426\"><\/a>Guillem Calatrava \u00a9<\/p>\n<div id=\"attachment_1765\" style=\"width: 487px\" class=\"wp-caption aligncenter\"><a class=\"lightbox\" title=\"04926006\" href=\"https:\/\/guillemcalatrava.com\/wp-content\/uploads\/04926006.jpg\"><img loading=\"lazy\" decoding=\"async\" aria-describedby=\"caption-attachment-1765\" class=\" wp-image-1765 \" title=\"04926006\" src=\"https:\/\/guillemcalatrava.com\/wp-content\/uploads\/04926006.jpg\" alt=\"Negativo b\/n (16b) N\u00famero: C-38959 A\u00f1o: 1922 Erill La Vall (Lleida), Vall de Bo\u00ed. \u00a9 Fundaci\u00f3 Institut Amatller d\u2019Art Hisp\u00e0nic. Arxiu Mas\" width=\"477\" height=\"576\"><\/a><p id=\"caption-attachment-1765\" class=\"wp-caption-text\">Negativo b\/n (16b) N\u00famero: C-38959 A\u00f1o: 1922 Erill La Vall (Lleida), Vall de Bo\u00ed. \u00a9 Fundaci\u00f3 Institut Amatller d\u2019Art Hisp\u00e0nic. Arxiu Mas<\/p><\/div>\n<p style=\"text-align: center;\"><a class=\"lightbox\" title=\"Santa_Eulalia_d_Erill_la_Vall\" href=\"https:\/\/guillemcalatrava.com\/wp-content\/uploads\/Santa_Eulalia_d_Erill_la_Vall.jpg\"><img loading=\"lazy\" decoding=\"async\" class=\"aligncenter size-full wp-image-1764\" title=\"Santa_Eulalia_d_Erill_la_Vall\" src=\"https:\/\/guillemcalatrava.com\/wp-content\/uploads\/Santa_Eulalia_d_Erill_la_Vall.jpg\" alt=\"Guillem Calatrava \u00a9\" width=\"533\" height=\"800\"><\/a>Guillem Calatrava \u00a9<\/p>\n<h6 style=\"text-align: left;\">Sant Quirc de Durro<\/h6>\n<div id=\"attachment_1768\" style=\"width: 586px\" class=\"wp-caption aligncenter\"><a class=\"lightbox\" title=\"04926004\" href=\"https:\/\/guillemcalatrava.com\/wp-content\/uploads\/04926004.jpg\"><img loading=\"lazy\" decoding=\"async\" aria-describedby=\"caption-attachment-1768\" class=\" wp-image-1768 \" title=\"04926004\" src=\"https:\/\/guillemcalatrava.com\/wp-content\/uploads\/04926004.jpg\" alt=\"Negativo b\/n (16b) N\u00famero: G-43023 A\u00f1o: 1960 Durro (Lleida), Vall de Bo\u00ed. \u00a9 Fundaci\u00f3 Institut Amatller d\u2019Art Hisp\u00e0nic. Arxiu Mas\" width=\"576\" height=\"415\"><\/a><p id=\"caption-attachment-1768\" class=\"wp-caption-text\">Negativo b\/n (16b) N\u00famero: G-43023 A\u00f1o: 1960 Durro (Lleida), Vall de Bo\u00ed. \u00a9 Fundaci\u00f3 Institut Amatller d\u2019Art Hisp\u00e0nic. Arxiu Mas<\/p><\/div>\n<p style=\"text-align: center;\">&nbsp;<a class=\"lightbox\" title=\"Sant_Quirc_de_Durro\" href=\"https:\/\/guillemcalatrava.com\/wp-content\/uploads\/Sant_Quirc_de_Durro.jpg\"><img loading=\"lazy\" decoding=\"async\" class=\"aligncenter wp-image-1767\" title=\"Sant_Quirc_de_Durro\" src=\"https:\/\/guillemcalatrava.com\/wp-content\/uploads\/Sant_Quirc_de_Durro.jpg\" alt=\"\" width=\"640\" height=\"426\"><\/a>Guillem Calatrava \u00a9<\/p>\n","protected":false},"excerpt":{"rendered":"<p>Hace casi 10 a\u00f1os que termin\u00e9 los estudios de fotograf\u00eda en la&nbsp;Escuela de Fotograf\u00eda de la Universidad Polit\u00e9cnica de Catalu\u00f1a, en Terrassa (actualmente CITM), entonces obtuve el T\u00edtulo Propio de fotograf\u00eda de la UPC que otorgaban entonces. Con todos los cambios de estudios gracias (o por culpa) al Proceso de Bolonia, el a\u00f1o pasado se [&hellip;]<\/p>\n","protected":false},"author":2,"featured_media":0,"comment_status":"open","ping_status":"open","sticky":false,"template":"","format":"standard","meta":{"_et_pb_use_builder":"","_et_pb_old_content":"","_et_gb_content_width":"","ngg_post_thumbnail":0,"footnotes":""},"categories":[76,72,85],"tags":[],"class_list":["post-6586","post","type-post","status-publish","format-standard","hentry","category-blanc-i-negre","category-color-ca","category-fotografia-ca"],"_links":{"self":[{"href":"https:\/\/guillemcalatrava.com\/ca\/wp-json\/wp\/v2\/posts\/6586","targetHints":{"allow":["GET"]}}],"collection":[{"href":"https:\/\/guillemcalatrava.com\/ca\/wp-json\/wp\/v2\/posts"}],"about":[{"href":"https:\/\/guillemcalatrava.com\/ca\/wp-json\/wp\/v2\/types\/post"}],"author":[{"embeddable":true,"href":"https:\/\/guillemcalatrava.com\/ca\/wp-json\/wp\/v2\/users\/2"}],"replies":[{"embeddable":true,"href":"https:\/\/guillemcalatrava.com\/ca\/wp-json\/wp\/v2\/comments?post=6586"}],"version-history":[{"count":0,"href":"https:\/\/guillemcalatrava.com\/ca\/wp-json\/wp\/v2\/posts\/6586\/revisions"}],"wp:attachment":[{"href":"https:\/\/guillemcalatrava.com\/ca\/wp-json\/wp\/v2\/media?parent=6586"}],"wp:term":[{"taxonomy":"category","embeddable":true,"href":"https:\/\/guillemcalatrava.com\/ca\/wp-json\/wp\/v2\/categories?post=6586"},{"taxonomy":"post_tag","embeddable":true,"href":"https:\/\/guillemcalatrava.com\/ca\/wp-json\/wp\/v2\/tags?post=6586"}],"curies":[{"name":"wp","href":"https:\/\/api.w.org\/{rel}","templated":true}]}}