{"id":6574,"date":"2012-05-09T10:40:49","date_gmt":"2012-05-09T08:40:49","guid":{"rendered":"http:\/\/www.guillemcalatrava.com\/2012\/05\/09\/la-tour-eiffel-panoramica-con-el-16-35-desde-debajo\/"},"modified":"2012-05-09T10:40:49","modified_gmt":"2012-05-09T08:40:49","slug":"la-tour-eiffel-panoramica-con-el-16-35-desde-debajo","status":"publish","type":"post","link":"https:\/\/guillemcalatrava.com\/ca\/2012\/05\/09\/la-tour-eiffel-panoramica-con-el-16-35-desde-debajo\/","title":{"rendered":"La Tour Eiffel (panor\u00e1mica con el 16-35 desde debajo)"},"content":{"rendered":"<p>Ayer hice un viaje rel\u00e1mpago (ida y vuelta en el mismo d\u00eda) a la capital de Francia, Par\u00eds. Acompa\u00f1\u00e9 a <a href=\"http:\/\/www.joanvendrell.com\" target=\"_blank\" rel=\"noopener\">Joan Vendrell<\/a> en unos de sus viajes a ciudades europeas que realiza con <a href=\"http:\/\/www.vamonosvolando.com\/?tag=fotografia\" target=\"_blank\" rel=\"noopener\">EasyJet<\/a>.<\/p>\n<p>Con las pocas horas que estuvimos por Par\u00eds (llegamos a las 12 al aeropuerto y el avi\u00f3n de vuelta sal\u00eda a las 18:30), tan s\u00f3lo ten\u00edamos unas 4 horas por pasear por el centro de la ciudad, fuimos de Notre-Dame (d\u00f3nde nos dej\u00f3 el tren procedente del aeropuerto) a la Tour Eiffel y vuelta a Notre-Dame.<\/p>\n<p>En la Tour Eiffel, <a href=\"http:\/\/instagr.am\/p\/KXZRPZQnWg\/\" target=\"_blank\" rel=\"noopener\">a parte de la fotograf\u00eda t\u00edpica<\/a>, hice esta otra:<\/p>\n<p style=\"text-align: center;\"><a class=\"lightbox\" title=\"Tour_Eiffel_Paris\" href=\"http:\/\/guillemcalatrava.com\/wp-content\/uploads\/Tour_Eiffel_Paris.jpg\"><img loading=\"lazy\" decoding=\"async\" class=\"aligncenter  wp-image-1937\" title=\"Tour_Eiffel_Paris\" src=\"http:\/\/guillemcalatrava.com\/wp-content\/uploads\/Tour_Eiffel_Paris.jpg\" alt=\"\" width=\"640\" height=\"352\" \/><\/a><\/p>\n<p>Est\u00e1 realizada partiendo de 21 fotograf\u00edas, realizadas con el 16-35 \/ 2,8 L USM de Canon, con la focal de 16mm, y montada con Photoshop y editada con Lightroom.<\/p>\n<p>La ventaja de realizar una toma fusionando im\u00e1genes es el gran tama\u00f1o que obtenemos de archivo final, aunque la desventaja es que precisamos de un gran equipo para poder crearla sin que nuestro ordenador se atragante. En este caso una imagen final de 8179 x 4496 p\u00edxeles, que nos permite realizar impresiones de gran tama\u00f1o.<\/p>\n<p>En los pr\u00f3ximos d\u00edas espero ir colgando alguna foto m\u00e1s de este viaje rel\u00e1mpago.<\/p>\n","protected":false},"excerpt":{"rendered":"<p>Ayer hice un viaje rel\u00e1mpago (ida y vuelta en el mismo d\u00eda) a la capital de Francia, Par\u00eds. Acompa\u00f1\u00e9 a Joan Vendrell en unos de sus viajes a ciudades europeas que realiza con EasyJet. Con las pocas horas que estuvimos por Par\u00eds (llegamos a las 12 al aeropuerto y el avi\u00f3n de vuelta sal\u00eda a [&hellip;]<\/p>\n","protected":false},"author":2,"featured_media":0,"comment_status":"open","ping_status":"open","sticky":false,"template":"","format":"standard","meta":{"_et_pb_use_builder":"","_et_pb_old_content":"","_et_gb_content_width":"","ngg_post_thumbnail":0,"footnotes":""},"categories":[72,85,116],"tags":[],"class_list":["post-6574","post","type-post","status-publish","format-standard","hentry","category-color-ca","category-fotografia-ca","category-viatges-ca"],"_links":{"self":[{"href":"https:\/\/guillemcalatrava.com\/ca\/wp-json\/wp\/v2\/posts\/6574","targetHints":{"allow":["GET"]}}],"collection":[{"href":"https:\/\/guillemcalatrava.com\/ca\/wp-json\/wp\/v2\/posts"}],"about":[{"href":"https:\/\/guillemcalatrava.com\/ca\/wp-json\/wp\/v2\/types\/post"}],"author":[{"embeddable":true,"href":"https:\/\/guillemcalatrava.com\/ca\/wp-json\/wp\/v2\/users\/2"}],"replies":[{"embeddable":true,"href":"https:\/\/guillemcalatrava.com\/ca\/wp-json\/wp\/v2\/comments?post=6574"}],"version-history":[{"count":0,"href":"https:\/\/guillemcalatrava.com\/ca\/wp-json\/wp\/v2\/posts\/6574\/revisions"}],"wp:attachment":[{"href":"https:\/\/guillemcalatrava.com\/ca\/wp-json\/wp\/v2\/media?parent=6574"}],"wp:term":[{"taxonomy":"category","embeddable":true,"href":"https:\/\/guillemcalatrava.com\/ca\/wp-json\/wp\/v2\/categories?post=6574"},{"taxonomy":"post_tag","embeddable":true,"href":"https:\/\/guillemcalatrava.com\/ca\/wp-json\/wp\/v2\/tags?post=6574"}],"curies":[{"name":"wp","href":"https:\/\/api.w.org\/{rel}","templated":true}]}}