{"id":6571,"date":"2012-05-15T17:32:00","date_gmt":"2012-05-15T15:32:00","guid":{"rendered":"http:\/\/www.guillemcalatrava.com\/2012\/05\/15\/nos-vamos-de-paris\/"},"modified":"2012-05-15T17:32:00","modified_gmt":"2012-05-15T15:32:00","slug":"nos-vamos-de-paris","status":"publish","type":"post","link":"https:\/\/guillemcalatrava.com\/ca\/2012\/05\/15\/nos-vamos-de-paris\/","title":{"rendered":"Nos vamos de Par\u00eds&#8230;"},"content":{"rendered":"<p>Y con esta entrada terminar\u00e9 con los art\u00edculos dedicados al <a href=\"http:\/\/guillemcalatrava.com\/2012\/05\/09\/la-tour-eiffel-panoramica-con-el-16-35-desde-debajo\/\">viaje rel\u00e1mpago a Par\u00eds<\/a>.<\/p>\n<p>No pod\u00edamos irnos de Par\u00eds sin un paseo por el <a href=\"http:\/\/es.wikipedia.org\/wiki\/R%C3%ADo_Sena\" target=\"_blank\" rel=\"noopener\">Sena<\/a>:<\/p>\n<p style=\"text-align: center;\"><a class=\"lightbox\" title=\"Paris_001\" href=\"http:\/\/guillemcalatrava.com\/wp-content\/uploads\/Paris_001.jpg\"><img loading=\"lazy\" decoding=\"async\" class=\"aligncenter  wp-image-1969\" title=\"Paris_001\" src=\"http:\/\/guillemcalatrava.com\/wp-content\/uploads\/Paris_001.jpg\" alt=\"\" width=\"640\" height=\"426\" \/><\/a><\/p>\n<p style=\"text-align: left;\">En este caso es el Sena a su paso por el <a href=\"http:\/\/es.wikipedia.org\/wiki\/Pont_Royal\" target=\"_blank\" rel=\"noopener\">Pont Royal<\/a>, el tercer puente m\u00e1s antiguo de Par\u00eds, con el <a href=\"http:\/\/www.louvre.fr\/\" target=\"_blank\" rel=\"noopener\">Louvre<\/a> de fondo.<\/p>\n<p style=\"text-align: left;\">Tampoco pod\u00edamos abandonar la capital francesa sin alguna foto t\u00edpica de su carism\u00e1tica torre, la Tour Eiffel:<\/p>\n<p style=\"text-align: left;\"><a class=\"lightbox\" title=\"Paris_003\" href=\"http:\/\/guillemcalatrava.com\/wp-content\/uploads\/Paris_003.jpg\"><img loading=\"lazy\" decoding=\"async\" class=\"aligncenter size-full wp-image-1970\" title=\"Paris_003\" src=\"http:\/\/guillemcalatrava.com\/wp-content\/uploads\/Paris_003.jpg\" alt=\"\" width=\"533\" height=\"800\" \/><\/a><\/p>\n<p style=\"text-align: left;\">(si quer\u00e9is ver esta misma escena desde otro punto de vista no dej\u00e9is de visitar <a href=\"http:\/\/joanvendrell.com\/torre-eiffel-fotowalkparis\/\" target=\"_blank\" rel=\"noopener\">el blog de Joan Vendrell<\/a>)<\/p>\n<p style=\"text-align: left;\">Y como se trata de una despedida de viaje, lo haremos con esta \u00faltima captura, aunque en este caso era de una despedida de soltera:<\/p>\n<p style=\"text-align: left;\"><a class=\"lightbox\" title=\"Paris_002\" href=\"http:\/\/guillemcalatrava.com\/wp-content\/uploads\/Paris_002.jpg\"><img loading=\"lazy\" decoding=\"async\" class=\"aligncenter size-full wp-image-1971\" title=\"Paris_002\" src=\"http:\/\/guillemcalatrava.com\/wp-content\/uploads\/Paris_002.jpg\" alt=\"\" width=\"533\" height=\"800\" \/><\/a><\/p>\n<p style=\"text-align: left;\">Mirando ya hacia el pr\u00f3ximo destino&#8230; Suiza:<\/p>\n<p style=\"text-align: center;\"><a class=\"lightbox\" title=\"rolle_001\" href=\"http:\/\/guillemcalatrava.com\/wp-content\/uploads\/rolle_001.jpg\"><img loading=\"lazy\" decoding=\"async\" class=\"aligncenter  wp-image-1972\" title=\"rolle_001\" src=\"http:\/\/guillemcalatrava.com\/wp-content\/uploads\/rolle_001.jpg\" alt=\"\" width=\"640\" height=\"426\" \/><\/a><\/p>\n","protected":false},"excerpt":{"rendered":"<p>Y con esta entrada terminar\u00e9 con los art\u00edculos dedicados al viaje rel\u00e1mpago a Par\u00eds. No pod\u00edamos irnos de Par\u00eds sin un paseo por el Sena: En este caso es el Sena a su paso por el Pont Royal, el tercer puente m\u00e1s antiguo de Par\u00eds, con el Louvre de fondo. Tampoco pod\u00edamos abandonar la capital [&hellip;]<\/p>\n","protected":false},"author":2,"featured_media":0,"comment_status":"open","ping_status":"open","sticky":false,"template":"","format":"standard","meta":{"_et_pb_use_builder":"","_et_pb_old_content":"","_et_gb_content_width":"","ngg_post_thumbnail":0,"footnotes":""},"categories":[72,85,116],"tags":[],"class_list":["post-6571","post","type-post","status-publish","format-standard","hentry","category-color-ca","category-fotografia-ca","category-viatges-ca"],"_links":{"self":[{"href":"https:\/\/guillemcalatrava.com\/ca\/wp-json\/wp\/v2\/posts\/6571","targetHints":{"allow":["GET"]}}],"collection":[{"href":"https:\/\/guillemcalatrava.com\/ca\/wp-json\/wp\/v2\/posts"}],"about":[{"href":"https:\/\/guillemcalatrava.com\/ca\/wp-json\/wp\/v2\/types\/post"}],"author":[{"embeddable":true,"href":"https:\/\/guillemcalatrava.com\/ca\/wp-json\/wp\/v2\/users\/2"}],"replies":[{"embeddable":true,"href":"https:\/\/guillemcalatrava.com\/ca\/wp-json\/wp\/v2\/comments?post=6571"}],"version-history":[{"count":0,"href":"https:\/\/guillemcalatrava.com\/ca\/wp-json\/wp\/v2\/posts\/6571\/revisions"}],"wp:attachment":[{"href":"https:\/\/guillemcalatrava.com\/ca\/wp-json\/wp\/v2\/media?parent=6571"}],"wp:term":[{"taxonomy":"category","embeddable":true,"href":"https:\/\/guillemcalatrava.com\/ca\/wp-json\/wp\/v2\/categories?post=6571"},{"taxonomy":"post_tag","embeddable":true,"href":"https:\/\/guillemcalatrava.com\/ca\/wp-json\/wp\/v2\/tags?post=6571"}],"curies":[{"name":"wp","href":"https:\/\/api.w.org\/{rel}","templated":true}]}}