{"id":6458,"date":"2011-06-28T08:45:58","date_gmt":"2011-06-28T07:45:58","guid":{"rendered":"http:\/\/www.guillemcalatrava.com\/2011\/06\/28\/fotografos-en-oferta\/"},"modified":"2011-06-28T08:45:58","modified_gmt":"2011-06-28T07:45:58","slug":"fotografos-en-oferta","status":"publish","type":"post","link":"https:\/\/guillemcalatrava.com\/ca\/2011\/06\/28\/fotografos-en-oferta\/","title":{"rendered":"Fot\u00f3grafos en oferta?"},"content":{"rendered":"<p style=\"text-align: justify;\"><a class=\"lightbox\" title=\"fotografo\" href=\"http:\/\/buscon.rae.es\/draeI\/SrvltConsulta?TIPO_BUS=3&amp;LEMA=fot%F3grafo\" target=\"_blank\" rel=\"noopener\"><img loading=\"lazy\" decoding=\"async\" class=\"alignright size-full wp-image-9045\" style=\"border: 1px solid black;\" title=\"fotografo\" src=\"http:\/\/naturpixel.com\/wp-content\/uploads\/fotografo.png\" alt=\"\" width=\"373\" height=\"136\" \/><\/a>Hace ya un cierto tiempo que me sorprenden las ofertas con las que me encuentro de algunos fot\u00f3grafos\/as; unos fot\u00f3grafos\/as que si en su momento cumpl\u00edan las 2 acepciones de la palabra, dir\u00eda que despu\u00e9s de semejantes ofertas ya s\u00f3lo cumplen la primera, se entiende como ofici\u00f3 la ocupaci\u00f3n habitual, el trabajo&#8230; hablando claro, de lo qu\u00e9 comemos, pagamos el piso, y alguno aun se puede dar\u00a0alg\u00fan\u00a0caprichito de vez en cuando con ello&#8230; pero con las ofertas que presentan algunos&#8230; \u00bfqu\u00e9 va a pasar?<\/p>\n<p>Esa gente tendr\u00e1 trabajo, claro, mir\u00e1ndolo del punto de vista del cliente, antes de pagar 300\u20ac si me hacen &#8220;lo mismo&#8221; por 50\u20ac&#8230; &#8220;yo no soy tonto&#8221; como dir\u00eda el anuncio&#8230; y mir\u00e1ndolo del punto de vista de fot\u00f3grafo (el de las 2 acepciones en mi caso) le responder\u00eda &#8220;No, tu no eres tonto, el tonto es el fot\u00f3grafo\/a que hace la oferta&#8221;.<\/p>\n<p>Analicemos algunas ofertas:<\/p>\n<div id=\"attachment_8924\" style=\"width: 514px\" class=\"wp-caption aligncenter\"><a class=\"lightbox\" title=\"book_50\" href=\"http:\/\/naturpixel.com\/wp-content\/uploads\/book_50.jpg\" target=\"_blank\" rel=\"noopener\"><img loading=\"lazy\" decoding=\"async\" aria-describedby=\"caption-attachment-8924\" class=\"size-full wp-image-8924\" title=\"book_50\" src=\"http:\/\/naturpixel.com\/wp-content\/uploads\/book_50.jpg\" alt=\"\" width=\"504\" height=\"287\" \/><\/a><p id=\"caption-attachment-8924\" class=\"wp-caption-text\">Comentar que he tapado la foto (parche rojo de la izquierda) por no poseer los derechos,  y tambi\u00e9n he puesto otro parche encima del nombre de la &quot;empresa&quot; (zona inferior derecha).<\/p><\/div>\n<p style=\"text-align: justify;\"><!--more-->Vamos a hacer un c\u00e1lculo r\u00e1pido&#8230; 30 fotos a 50\u20ac sale a una media de 1,67\u20ac por foto&#8230; suponiendo que le dedique (tirando muy muy bajo) 15 minutos por foto (entre la preproducci\u00f3n, la producci\u00f3n y la posproducci\u00f3n), resulta que el precio por hora del fot\u00f3grafo\/a es de 6,68\u20ac y de ah\u00ed se supone que aun tendr\u00edamos que descontar lo que cobra el maquillador\/a profesional de la oferta&#8230; \u00bfy el IVA? \u00bfestar\u00e1 incluido? de hecho&#8230; quiz\u00e1s la pregunta a formular ser\u00eda: \u00bfdeclara IVA el fot\u00f3grafo\/a de la oferta cada trimestre?<\/p>\n<p style=\"text-align: justify;\">Comentar que esta &#8220;oferta&#8221; la encontr\u00e9 en Facebook, donde aparec\u00eda una amiga etiquetada en ella (y l\u00f3gicamente, no era la de la foto tapada).\u00a0Aprovecho, ya que menciono el tema de etiquetas en Redes Sociales, para hacer una cr\u00edtica a estas molestas etiquetadas que nos hacen, sobretodo en Facebook, en esas fotos en las que no aparecemos, ya sea para vender una moto de segunda mano, un objetivo viejo&#8230;o un book de fotos.<\/p>\n<p style=\"text-align: justify;\">Veamos otra oferta:<\/p>\n<div id=\"attachment_8925\" style=\"width: 508px\" class=\"wp-caption aligncenter\"><a class=\"lightbox\" title=\"book_2\" href=\"http:\/\/naturpixel.com\/wp-content\/uploads\/book_2.jpg\" target=\"_blank\" rel=\"noopener\"><img loading=\"lazy\" decoding=\"async\" aria-describedby=\"caption-attachment-8925\" class=\"size-full wp-image-8925\" title=\"book_2\" src=\"http:\/\/naturpixel.com\/wp-content\/uploads\/book_2.jpg\" alt=\"\" width=\"498\" height=\"289\" \/><\/a><p id=\"caption-attachment-8925\" class=\"wp-caption-text\">Siguiendo en la misma linea que la oferta anterior, aqu\u00ed tenemos un book de 320\u20ac rebjado a 89\u20ac, en el que he tapado la foto de la derecha con el recuadro azul.<\/p><\/div>\n<p style=\"text-align: justify;\">En este caso, los 89\u20ac incluyen:\u00a0Book con 20 fotos en CD + maquillaje +\u00a0peluquer\u00eda\u00a0&#8211; 2 estilismos + retoque + edici\u00f3n profesional<\/p>\n<p style=\"text-align: justify;\">Vamos a hacer un c\u00e1lculo como el de antes&#8230; en este caso la foto saldr\u00eda a 4,45\u20ac, con lo que haciendo una media de 15 minutos por foto (que insisto, es muy poco tiempo), el fot\u00f3grafo\/a de este caso cobra 17,80\u20ac\/hora, descontamos maquillaje, peluquer\u00eda, IVA, IRPF&#8230; comisi\u00f3n de quien gestiona la oferta&#8230; \u00bf!qu\u00e9 le queda al fot\u00f3grafo\/a!?<\/p>\n<p style=\"text-align: justify;\">Aunque lo que me hace mucha gracia es lo que ponen en la descripci\u00f3n del anuncio-oferta, copio literalmente:<\/p>\n<blockquote>\n<p style=\"text-align: justify;\">[&#8230;] Creemos que hay que dar prioridad a lo que de verdad importa: la fotograf\u00eda. Por eso dejamos a un lado accesorios que encarecen el trabajo, pero que no lo mejoran. [nombre de la empresa] propone un formato diferente: Books low cost, una forma de trabajar sin gastos innecesarios, pero con la m\u00e1xima calidad, y al alcance de cualquiera.<br \/>\nHasta ahora esto hab\u00eda sido sin\u00f3nimo de precios elevados, y estaba solo al alcance de unos pocos. [&#8230;]<\/p>\n<\/blockquote>\n<p style=\"text-align: justify;\">&#8220;Accesorios que encarecen el trabajo pero que no lo mejoran&#8221;&#8230; aun me pregunto a qu\u00e9 se referir\u00e1n&#8230; si me leen, por favor, expliquenmelo, a ver si lo comprendo.<\/p>\n<p style=\"text-align: justify;\">Otra oferta, por cierto, de la misma &#8220;empresa&#8221; que la anterior:<\/p>\n<p style=\"text-align: justify;\"><a class=\"lightbox\" title=\"boda_low\" href=\"http:\/\/naturpixel.com\/wp-content\/uploads\/boda_low.jpg\" target=\"_blank\" rel=\"noopener\"><img loading=\"lazy\" decoding=\"async\" class=\"aligncenter size-full wp-image-8926\" title=\"boda_low\" src=\"http:\/\/naturpixel.com\/wp-content\/uploads\/boda_low.jpg\" alt=\"\" width=\"220\" height=\"352\" \/><\/a><\/p>\n<p style=\"text-align: justify;\">Hace ya un tiempo de esta oferta, actualmente la siguen manteniendo pero 200\u20ac por arriba, a 550\u20ac. El precio incluye: reportaje entrega en CD, 2 m\u00f3dulos a elegir entre: casa de la novia o casa del novio \/ ceremonia \/ restaurante \/ baile (M\u00e1ximo 6h de duraci\u00f3n).<\/p>\n<p style=\"text-align: justify;\">No incluye: desplazamientos ( se tendr\u00e1 que pagar a parte) , \u00e1lbum digital, maquillaje o peluquer\u00eda ni fotos pre-boda. No incluye el canon que la iglesia o el restaurante puedan imponer a los novios.<\/p>\n<p style=\"text-align: justify;\">No especifican el n\u00famero de fotos que entregan&#8230; pero vamos yo calculo que ser\u00e1n unas 500 por lo menos, no? venga, vamos a tirar aun mas bajo, supongamos que nos entreguen 300 fotos&#8230;imaginemos que el retocador\/a es muy r\u00e1pido y muy bueno y tan solo necesita una media de 5 minutos por foto (sin tener en cuenta las 6 horas, como m\u00e1ximo, invertidas en la toma de las fotograf\u00edas), nos sale cada foto a 1,16\u20ac por lo tanto el coste ser\u00e1 de 13,92\u20ac\/hora&#8230;volvemos a restar IVA, IRPF, comisi\u00f3n de quien gestiona la oferta&#8230; ya les sale a cuenta trabajar a esta gente? quiz\u00e1s por ello hayan subido 200\u20ac el precio de la oferta&#8230;(subiendo a un coste de 22\u20ac\/hora bruto)<\/p>\n<p style=\"text-align: justify;\">Despu\u00e9s de ver estas ofertas, estaba pensando, desde el punto de vista de si fuera una clienta, que si me caso me sale a cuenta comprarles las 2 ofertas (aprovechando que no dice que no puedan ser\u00a0acumulativas)&#8230; por 89\u20ac me hace 2 peinados distintos (si el primero no me gusta, uso el segundo) me maquillan, me hacen 20 fotos, y por 350\u20ac m\u00e1s tengo el reportaje de boda&#8230; vaya! un ofert\u00f3n!<\/p>\n<p style=\"text-align: justify;\">Pero, \u00bfqu\u00e9 se consigue realmente con todo esto? B\u00e1sicamente dos cosas:<\/p>\n<p style=\"text-align: justify;\">1. Que quien ofrece las ofertas trabaje mucho y gane muy poco<br \/>\n2. Que quien no ofrece ofertas pierda clientes que se van a buscar ofertas, con lo que gane muy poco<\/p>\n","protected":false},"excerpt":{"rendered":"<p>Hace ya un cierto tiempo que me sorprenden las ofertas con las que me encuentro de algunos fot\u00f3grafos\/as; unos fot\u00f3grafos\/as que si en su momento cumpl\u00edan las 2 acepciones de la palabra, dir\u00eda que despu\u00e9s de semejantes ofertas ya s\u00f3lo cumplen la primera, se entiende como ofici\u00f3 la ocupaci\u00f3n habitual, el trabajo&#8230; hablando claro, de [&hellip;]<\/p>\n","protected":false},"author":2,"featured_media":0,"comment_status":"open","ping_status":"open","sticky":false,"template":"","format":"standard","meta":{"_et_pb_use_builder":"","_et_pb_old_content":"","_et_gb_content_width":"","ngg_post_thumbnail":0,"footnotes":""},"categories":[75,114,85,88,91],"tags":[],"class_list":["post-6458","post","type-post","status-publish","format-standard","hentry","category-2-0-ca","category-blog-ca","category-fotografia-ca","category-opinio","category-xarxes-socials"],"_links":{"self":[{"href":"https:\/\/guillemcalatrava.com\/ca\/wp-json\/wp\/v2\/posts\/6458","targetHints":{"allow":["GET"]}}],"collection":[{"href":"https:\/\/guillemcalatrava.com\/ca\/wp-json\/wp\/v2\/posts"}],"about":[{"href":"https:\/\/guillemcalatrava.com\/ca\/wp-json\/wp\/v2\/types\/post"}],"author":[{"embeddable":true,"href":"https:\/\/guillemcalatrava.com\/ca\/wp-json\/wp\/v2\/users\/2"}],"replies":[{"embeddable":true,"href":"https:\/\/guillemcalatrava.com\/ca\/wp-json\/wp\/v2\/comments?post=6458"}],"version-history":[{"count":0,"href":"https:\/\/guillemcalatrava.com\/ca\/wp-json\/wp\/v2\/posts\/6458\/revisions"}],"wp:attachment":[{"href":"https:\/\/guillemcalatrava.com\/ca\/wp-json\/wp\/v2\/media?parent=6458"}],"wp:term":[{"taxonomy":"category","embeddable":true,"href":"https:\/\/guillemcalatrava.com\/ca\/wp-json\/wp\/v2\/categories?post=6458"},{"taxonomy":"post_tag","embeddable":true,"href":"https:\/\/guillemcalatrava.com\/ca\/wp-json\/wp\/v2\/tags?post=6458"}],"curies":[{"name":"wp","href":"https:\/\/api.w.org\/{rel}","templated":true}]}}