{"id":6451,"date":"2011-12-09T09:02:49","date_gmt":"2011-12-09T08:02:49","guid":{"rendered":"http:\/\/www.guillemcalatrava.com\/2011\/12\/09\/retratos-para-empresa-emergente\/"},"modified":"2011-12-09T09:02:49","modified_gmt":"2011-12-09T08:02:49","slug":"retratos-para-empresa-emergente","status":"publish","type":"post","link":"https:\/\/guillemcalatrava.com\/ca\/2011\/12\/09\/retratos-para-empresa-emergente\/","title":{"rendered":"Retratos para empresa emergente"},"content":{"rendered":"<p>Cuando recib\u00ed la llamada de un viejo amigo para pedirme que le hiciera unas fotograf\u00edas a \u00e9l y sus socios para la empresa que\u00a0estaban\u00a0montando, no dud\u00e9 ni un instante.<\/p>\n<p>Muchos de vosotros ya sabr\u00e9is que no me gusta retratar a gente, quiz\u00e1s sea por eso que no me dedique al [hasta hace poco] lucrativo mundo del reportaje social, o a la fotograf\u00eda de moda, y base mis fotograf\u00edas hacia el mundo industrial, o de reportaje (no social). Pero esta vez hice una excepci\u00f3n con el siguiente resultado:<\/p>\n<p style=\"text-align: center;\"><a class=\"lightbox\" title=\"ofertia_v1\" href=\"http:\/\/guillemcalatrava.com\/wp-content\/uploads\/2011\/12\/ofertia_v1.jpg\"><img loading=\"lazy\" decoding=\"async\" class=\"aligncenter size-full wp-image-1483\" title=\"ofertia_v1\" src=\"http:\/\/guillemcalatrava.com\/wp-content\/uploads\/2011\/12\/ofertia_v1.jpg\" alt=\"\" width=\"560\" height=\"186\" \/><\/a><\/p>\n<p style=\"text-align: left;\"><a class=\"lightbox\" title=\"ofertia_v2\" href=\"http:\/\/guillemcalatrava.com\/wp-content\/uploads\/2011\/12\/ofertia_v2.jpg\"><img loading=\"lazy\" decoding=\"async\" class=\"aligncenter size-full wp-image-1484\" title=\"ofertia_v2\" src=\"http:\/\/guillemcalatrava.com\/wp-content\/uploads\/2011\/12\/ofertia_v2.jpg\" alt=\"\" width=\"560\" height=\"186\" \/><\/a>Aprovecho para desearles mucha suerte en su nueva etapa empresarial, que seguro lo consiguen, pues los tres son unos &#8220;cracks&#8221;.<\/p>\n<p style=\"text-align: left;\">Cliente: <a href=\"http:\/\/www.ofertia.com\/\" target=\"_blank\" rel=\"noopener\">Ofertia.com<\/a><\/p>\n","protected":false},"excerpt":{"rendered":"<p>Cuando recib\u00ed la llamada de un viejo amigo para pedirme que le hiciera unas fotograf\u00edas a \u00e9l y sus socios para la empresa que\u00a0estaban\u00a0montando, no dud\u00e9 ni un instante. Muchos de vosotros ya sabr\u00e9is que no me gusta retratar a gente, quiz\u00e1s sea por eso que no me dedique al [hasta hace poco] lucrativo mundo [&hellip;]<\/p>\n","protected":false},"author":2,"featured_media":0,"comment_status":"open","ping_status":"open","sticky":false,"template":"","format":"standard","meta":{"_et_pb_use_builder":"","_et_pb_old_content":"","_et_gb_content_width":"","ngg_post_thumbnail":0,"footnotes":""},"categories":[114,77,85,119],"tags":[],"class_list":["post-6451","post","type-post","status-publish","format-standard","hentry","category-blog-ca","category-client","category-fotografia-ca","category-retrat-ca"],"_links":{"self":[{"href":"https:\/\/guillemcalatrava.com\/ca\/wp-json\/wp\/v2\/posts\/6451","targetHints":{"allow":["GET"]}}],"collection":[{"href":"https:\/\/guillemcalatrava.com\/ca\/wp-json\/wp\/v2\/posts"}],"about":[{"href":"https:\/\/guillemcalatrava.com\/ca\/wp-json\/wp\/v2\/types\/post"}],"author":[{"embeddable":true,"href":"https:\/\/guillemcalatrava.com\/ca\/wp-json\/wp\/v2\/users\/2"}],"replies":[{"embeddable":true,"href":"https:\/\/guillemcalatrava.com\/ca\/wp-json\/wp\/v2\/comments?post=6451"}],"version-history":[{"count":0,"href":"https:\/\/guillemcalatrava.com\/ca\/wp-json\/wp\/v2\/posts\/6451\/revisions"}],"wp:attachment":[{"href":"https:\/\/guillemcalatrava.com\/ca\/wp-json\/wp\/v2\/media?parent=6451"}],"wp:term":[{"taxonomy":"category","embeddable":true,"href":"https:\/\/guillemcalatrava.com\/ca\/wp-json\/wp\/v2\/categories?post=6451"},{"taxonomy":"post_tag","embeddable":true,"href":"https:\/\/guillemcalatrava.com\/ca\/wp-json\/wp\/v2\/tags?post=6451"}],"curies":[{"name":"wp","href":"https:\/\/api.w.org\/{rel}","templated":true}]}}