{"id":6447,"date":"2012-10-15T17:57:20","date_gmt":"2012-10-15T15:57:20","guid":{"rendered":"http:\/\/www.guillemcalatrava.com\/2012\/10\/15\/fujifilm-worldphotorelay-todos-con-el-team-b-de-spain\/"},"modified":"2012-10-15T17:57:20","modified_gmt":"2012-10-15T15:57:20","slug":"fujifilm-worldphotorelay-todos-con-el-team-b-de-spain","status":"publish","type":"post","link":"https:\/\/guillemcalatrava.com\/ca\/2012\/10\/15\/fujifilm-worldphotorelay-todos-con-el-team-b-de-spain\/","title":{"rendered":"Fujifilm WorldPhotoRelay, todos con el &#8220;Team B&#8221; de Spain!"},"content":{"rendered":"<p>Hace unos d\u00edas contactaron conmigo desde <strong><a title=\"Fujifilm Espa\u00f1a\" href=\"http:\/\/www.fujifilm.eu\/es\/\" target=\"_blank\" rel=\"noopener\">Fujifilm Espa\u00f1a<\/a><\/strong>, quer\u00edan preguntarme si estaba interesado en participar en una acci\u00f3n que se lleva a cabo a nivel mundial, el objetivo era mostrar al mundo entero las posibilidades fotogr\u00e1ficas de una de sus c\u00e1maras compactas, la <a title=\"Fujifilm Finepixe F800EXR\" href=\"http:\/\/naturpixel.com\/2012\/07\/25\/fujifilm-f800exr-y-xp170-nuevas-camaras-compactas\/\" target=\"_blank\" rel=\"noopener\"><strong>Fujifilm Finepix F800EXR<\/strong><\/a>.<\/p>\n<p>L\u00f3gicamente acept\u00e9, me encant\u00f3 la idea, se trataba de realizar 10 fotograf\u00edas, subirlas a una web, y pasar la c\u00e1mara a un amigo\/a de <a title=\"Facebook Guillem Calatrava\" href=\"http:\/\/www.facebook.com\/guillemc\" target=\"_blank\" rel=\"noopener\">mi facebook<\/a>, y as\u00ed consecutivamente hasta el 25 de diciembre.<\/p>\n<p>Todas las fotograf\u00edas, tanto las m\u00edas, como las del resto de participantes del mundo, se pueden ver en la web: <strong><a title=\"World Photo Relay\" href=\"http:\/\/www.world-photo-relay.com\" target=\"_blank\" rel=\"noopener\">http:\/\/www.world-photo-relay.com<\/a><\/strong><\/p>\n<p>El equipo cuyas fotograf\u00edas consigan m\u00e1s &#8220;likes&#8221; ser\u00e1n los ganadores (con premios todav\u00eda por confirmar al 100%, pero se comenta que la intenci\u00f3n es que sean c\u00e1maras Fujifilm Finepix F800EXR), no se trata de una competici\u00f3n entre pa\u00edses, sino entre cada equipo de cada pa\u00eds, en Espa\u00f1a hay 5 equipos distintos.<\/p>\n<p style=\"text-align: center;\"><a title=\"World Photo Relay\" href=\"http:\/\/www.world-photo-relay.com\" target=\"_blank\" rel=\"noopener\"><img loading=\"lazy\" decoding=\"async\" class=\"aligncenter  wp-image-2188\" title=\"fuji_wpr\" src=\"http:\/\/guillemcalatrava.com\/wp-content\/uploads\/fuji_wpr.jpg\" alt=\"\" width=\"640\" height=\"372\" \/><\/a><\/p>\n<p>Aprovecho para pedir vuestro voto para mi equipo, que es el B, muchas gracias!<\/p>\n<p>Por cierto, mi relevo de c\u00e1mara ha sido para mi socio <strong><a title=\"Joan Vendrell\" href=\"http:\/\/www.joanvendrell.com\" target=\"_blank\" rel=\"noopener\">Joan Vendrell<\/a><\/strong>, que seguro que nos sorprender\u00e1 con fant\u00e1sticas im\u00e1genes por las que tambi\u00e9n os pido un &#8220;like&#8221; en cuanto las tenga colgadas!<\/p>\n","protected":false},"excerpt":{"rendered":"<p>Hace unos d\u00edas contactaron conmigo desde Fujifilm Espa\u00f1a, quer\u00edan preguntarme si estaba interesado en participar en una acci\u00f3n que se lleva a cabo a nivel mundial, el objetivo era mostrar al mundo entero las posibilidades fotogr\u00e1ficas de una de sus c\u00e1maras compactas, la Fujifilm Finepix F800EXR. L\u00f3gicamente acept\u00e9, me encant\u00f3 la idea, se trataba de [&hellip;]<\/p>\n","protected":false},"author":2,"featured_media":0,"comment_status":"open","ping_status":"open","sticky":false,"template":"","format":"standard","meta":{"_et_pb_use_builder":"","_et_pb_old_content":"","_et_gb_content_width":"","ngg_post_thumbnail":0,"footnotes":""},"categories":[78,85],"tags":[],"class_list":["post-6447","post","type-post","status-publish","format-standard","hentry","category-concursos-ca","category-fotografia-ca"],"_links":{"self":[{"href":"https:\/\/guillemcalatrava.com\/ca\/wp-json\/wp\/v2\/posts\/6447","targetHints":{"allow":["GET"]}}],"collection":[{"href":"https:\/\/guillemcalatrava.com\/ca\/wp-json\/wp\/v2\/posts"}],"about":[{"href":"https:\/\/guillemcalatrava.com\/ca\/wp-json\/wp\/v2\/types\/post"}],"author":[{"embeddable":true,"href":"https:\/\/guillemcalatrava.com\/ca\/wp-json\/wp\/v2\/users\/2"}],"replies":[{"embeddable":true,"href":"https:\/\/guillemcalatrava.com\/ca\/wp-json\/wp\/v2\/comments?post=6447"}],"version-history":[{"count":0,"href":"https:\/\/guillemcalatrava.com\/ca\/wp-json\/wp\/v2\/posts\/6447\/revisions"}],"wp:attachment":[{"href":"https:\/\/guillemcalatrava.com\/ca\/wp-json\/wp\/v2\/media?parent=6447"}],"wp:term":[{"taxonomy":"category","embeddable":true,"href":"https:\/\/guillemcalatrava.com\/ca\/wp-json\/wp\/v2\/categories?post=6447"},{"taxonomy":"post_tag","embeddable":true,"href":"https:\/\/guillemcalatrava.com\/ca\/wp-json\/wp\/v2\/tags?post=6447"}],"curies":[{"name":"wp","href":"https:\/\/api.w.org\/{rel}","templated":true}]}}