{"id":6283,"date":"2016-03-23T17:39:35","date_gmt":"2016-03-23T16:39:35","guid":{"rendered":"http:\/\/www.guillemcalatrava.com\/ca\/?p=6283"},"modified":"2017-07-11T10:42:21","modified_gmt":"2017-07-11T08:42:21","slug":"fotografiant-laudi-driving-experience-del-fc-barcelona-baqueira","status":"publish","type":"post","link":"https:\/\/guillemcalatrava.com\/ca\/2016\/03\/23\/fotografiant-laudi-driving-experience-del-fc-barcelona-baqueira\/","title":{"rendered":"Fotografiant l&#8217;Audi Driving Experience del FC Barcelona a Baqueira"},"content":{"rendered":"<p>[et_pb_section admin_label=&#8221;section&#8221; transparent_background=&#8221;off&#8221; allow_player_pause=&#8221;off&#8221; inner_shadow=&#8221;off&#8221; parallax=&#8221;off&#8221; parallax_method=&#8221;off&#8221; custom_padding=&#8221;0px|||&#8221; padding_mobile=&#8221;off&#8221; make_fullwidth=&#8221;off&#8221; use_custom_width=&#8221;off&#8221; width_unit=&#8221;on&#8221; make_equal=&#8221;off&#8221; use_custom_gutter=&#8221;off&#8221;][et_pb_row admin_label=&#8221;row&#8221; make_fullwidth=&#8221;off&#8221; use_custom_width=&#8221;off&#8221; width_unit=&#8221;on&#8221; use_custom_gutter=&#8221;off&#8221; custom_padding=&#8221;0px|||&#8221; padding_mobile=&#8221;off&#8221; allow_player_pause=&#8221;off&#8221; parallax=&#8221;off&#8221; parallax_method=&#8221;off&#8221; make_equal=&#8221;off&#8221; parallax_1=&#8221;off&#8221; parallax_method_1=&#8221;off&#8221; column_padding_mobile=&#8221;on&#8221;][et_pb_column type=&#8221;4_4&#8243;][et_pb_text admin_label=&#8221;Texto&#8221; background_layout=&#8221;light&#8221; text_orientation=&#8221;left&#8221; use_border_color=&#8221;off&#8221; border_color=&#8221;#ffffff&#8221; border_style=&#8221;solid&#8221; custom_margin=&#8221;||0px|&#8221;]<\/p>\n<p>Divendres passat dia 11 de mar\u00e7 vaig estar a l&#8217;estaci\u00f3 d&#8217;esqu\u00ed de Baqueira-Beret per cobrir un esdeveniment organitzat per Audi i el FC Barcelona. Vuit socis del FC Barcelona van tenir la sort de guanyar un concurs en el qual el premi era realitzar el curs d&#8217;Audi Winter Driving Experience que s&#8217;organitza a\u00a0l&#8217;estaci\u00f3 d&#8217;esqu\u00ed lleidatana de Baqueira-Beret, i all\u00ed estava jo per capturar-ho tot.<\/p>\n<p><img loading=\"lazy\" decoding=\"async\" class=\"aligncenter wp-image-6277 size-full\" src=\"http:\/\/www.guillemcalatrava.com\/wp-content\/uploads\/Audi-Baqueira-Beret-portada-.jpg\" alt=\"Audi-Baqueira-Beret-portada-\" width=\"1200\" height=\"628\" srcset=\"https:\/\/guillemcalatrava.com\/wp-content\/uploads\/Audi-Baqueira-Beret-portada-.jpg 1200w, https:\/\/guillemcalatrava.com\/wp-content\/uploads\/Audi-Baqueira-Beret-portada--300x157.jpg 300w, https:\/\/guillemcalatrava.com\/wp-content\/uploads\/Audi-Baqueira-Beret-portada--768x402.jpg 768w, https:\/\/guillemcalatrava.com\/wp-content\/uploads\/Audi-Baqueira-Beret-portada--1080x565.jpg 1080w\" sizes=\"(max-width: 1200px) 100vw, 1200px\" \/><\/p>\n<p>Ja havia fet en un parell d&#8217;ocasions un treball similar (els pots veure\u00a0<a href=\"http:\/\/www.guillemcalatrava.com\/ca\/2013\/05\/09\/conduccion-en-nieve\/\">aqu\u00ed<\/a>\u00a0i\u00a0<a href=\"http:\/\/www.guillemcalatrava.com\/ca\/2014\/03\/06\/conduccion-en-nieve-2\/\">aqu\u00ed<\/a>) per\u00f2 en una ubicaci\u00f3 diferent, llavors es va fer a\u00a0l&#8217;estaci\u00f3 d&#8217;esqu\u00ed gironina de la Molina. En aquelles dues ocasions vaig tenir\u00a0la sort que malgrat el fred el sol ens va acompanyar durant tota la jornada, en canvi, per a aquesta nova edici\u00f3, va haver-hi una espessa boira que de tant en tant deixava entrepassar algun raig de sol. De sobte no es veia res\u00a0m\u00e9s enll\u00e0 de 20 metres, com de sobte tocava variar totes les configuracions de c\u00e0mera per adaptar-se a la nova situaci\u00f3 de llum&#8230; en fi, res\u00a0que no es pogu\u00e9s resoldre!<\/p>\n<p>Us deixo amb una breu galeria d&#8217;imatges realitzades durant aquest dia i un petit v\u00eddeo:<\/p>\n<p>&nbsp;<\/p>\n<p>[\/et_pb_text][et_pb_gallery admin_label=&#8221;Galer\u00eda&#8221; gallery_ids=&#8221;6255,6256,6257,6258,6260,6261,6262,6263,6264,6265,6266,6267,6269,6270,6271,6272&#8243; fullwidth=&#8221;off&#8221; show_title_and_caption=&#8221;off&#8221; show_pagination=&#8221;off&#8221; background_layout=&#8221;light&#8221; auto=&#8221;off&#8221; hover_overlay_color=&#8221;rgba(255,255,255,0.9)&#8221; caption_all_caps=&#8221;off&#8221; use_border_color=&#8221;off&#8221; border_color=&#8221;#ffffff&#8221; border_style=&#8221;solid&#8221; posts_number=&#8221;16&#8243;] [\/et_pb_gallery][et_pb_video admin_label=&#8221;V\u00eddeo&#8221; src=&#8221;https:\/\/youtu.be\/JNmjh_v3nm4&#8243;] [\/et_pb_video][\/et_pb_column][\/et_pb_row][\/et_pb_section]<\/p>\n","protected":false},"excerpt":{"rendered":"<p>Divendres passat dia 11 de mar\u00e7 vaig estar a l&#8217;estaci\u00f3 d&#8217;esqu\u00ed de Baqueira-Beret per cobrir un esdeveniment organitzat per Audi i el FC Barcelona. Vuit socis del FC Barcelona van tenir la sort de guanyar un concurs en el qual el premi era realitzar el curs d&#8217;Audi Winter Driving Experience que s&#8217;organitza a\u00a0l&#8217;estaci\u00f3 d&#8217;esqu\u00ed lleidatana [&hellip;]<\/p>\n","protected":false},"author":2,"featured_media":6278,"comment_status":"open","ping_status":"closed","sticky":false,"template":"","format":"standard","meta":{"_et_pb_use_builder":"on","_et_pb_old_content":"","_et_gb_content_width":"","ngg_post_thumbnail":0,"footnotes":""},"categories":[90,114,77],"tags":[],"class_list":["post-6283","post","type-post","status-publish","format-standard","has-post-thumbnail","hentry","category-esports-de-motor","category-blog-ca","category-client"],"_links":{"self":[{"href":"https:\/\/guillemcalatrava.com\/ca\/wp-json\/wp\/v2\/posts\/6283","targetHints":{"allow":["GET"]}}],"collection":[{"href":"https:\/\/guillemcalatrava.com\/ca\/wp-json\/wp\/v2\/posts"}],"about":[{"href":"https:\/\/guillemcalatrava.com\/ca\/wp-json\/wp\/v2\/types\/post"}],"author":[{"embeddable":true,"href":"https:\/\/guillemcalatrava.com\/ca\/wp-json\/wp\/v2\/users\/2"}],"replies":[{"embeddable":true,"href":"https:\/\/guillemcalatrava.com\/ca\/wp-json\/wp\/v2\/comments?post=6283"}],"version-history":[{"count":0,"href":"https:\/\/guillemcalatrava.com\/ca\/wp-json\/wp\/v2\/posts\/6283\/revisions"}],"wp:featuredmedia":[{"embeddable":true,"href":"https:\/\/guillemcalatrava.com\/ca\/wp-json\/wp\/v2\/media\/6278"}],"wp:attachment":[{"href":"https:\/\/guillemcalatrava.com\/ca\/wp-json\/wp\/v2\/media?parent=6283"}],"wp:term":[{"taxonomy":"category","embeddable":true,"href":"https:\/\/guillemcalatrava.com\/ca\/wp-json\/wp\/v2\/categories?post=6283"},{"taxonomy":"post_tag","embeddable":true,"href":"https:\/\/guillemcalatrava.com\/ca\/wp-json\/wp\/v2\/tags?post=6283"}],"curies":[{"name":"wp","href":"https:\/\/api.w.org\/{rel}","templated":true}]}}