{"id":6103,"date":"2015-10-21T20:43:57","date_gmt":"2015-10-21T18:43:57","guid":{"rendered":"http:\/\/www.guillemcalatrava.com\/ca\/?p=6103"},"modified":"2017-07-11T10:42:49","modified_gmt":"2017-07-11T08:42:49","slug":"sessions-fotografiques-per-a-bloggers-de-moda","status":"publish","type":"post","link":"https:\/\/guillemcalatrava.com\/ca\/2015\/10\/21\/sessions-fotografiques-per-a-bloggers-de-moda\/","title":{"rendered":"Sessions fotogr\u00e0fiques per a bloggers de moda"},"content":{"rendered":"<p>[et_pb_section admin_label=&#8221;section&#8221; transparent_background=&#8221;off&#8221; allow_player_pause=&#8221;off&#8221; inner_shadow=&#8221;off&#8221; parallax=&#8221;off&#8221; parallax_method=&#8221;off&#8221; custom_padding=&#8221;0px|0px&#8221; padding_mobile=&#8221;off&#8221; make_fullwidth=&#8221;off&#8221; use_custom_width=&#8221;off&#8221; width_unit=&#8221;on&#8221; make_equal=&#8221;off&#8221; use_custom_gutter=&#8221;off&#8221;][et_pb_row admin_label=&#8221;row&#8221; make_fullwidth=&#8221;off&#8221; use_custom_width=&#8221;off&#8221; width_unit=&#8221;on&#8221; use_custom_gutter=&#8221;off&#8221; custom_padding=&#8221;15px|0px&#8221; padding_mobile=&#8221;off&#8221; allow_player_pause=&#8221;off&#8221; parallax=&#8221;off&#8221; parallax_method=&#8221;off&#8221; make_equal=&#8221;off&#8221; column_padding_mobile=&#8221;on&#8221;][et_pb_column type=&#8221;4_4&#8243;][et_pb_text admin_label=&#8221;Texto&#8221; background_layout=&#8221;light&#8221; text_orientation=&#8221;left&#8221; use_border_color=&#8221;off&#8221; border_color=&#8221;#ffffff&#8221; border_style=&#8221;solid&#8221;]<\/p>\n<p>Un dels <a href=\"http:\/\/www.guillemcalatrava.com\/ca\/servicios\/\">serveis fotogr\u00e0fics<\/a> que he afegit recentment al meu repertori \u00e9s el de la realitzaci\u00f3 de sessions fotogr\u00e0fiques per a bloggers de moda.<\/p>\n<p>No \u00e9s un servei nou, ja ho havia fet en <a href=\"http:\/\/www.guillemcalatrava.com\/ca\/2013\/05\/29\/fotografia-de-moda-para-silviaboschblog\/\">anteriors ocasions<\/a>, per\u00f2 en els \u00faltims mesos li estic dedicant cada vegada m\u00e9s temps.<\/p>\n<p>Les bloggers de moda viuen (o intenten viure) de la seva opini\u00f3 sobre\u00a0les marques o dissenyadors que incorporen als seus <em>looks<\/em> o <em>outfits<\/em>, per a aix\u00f2 es valen de la seva imatge. Una imatge que ha d&#8217;estar molt cuidada si pretenen conv\u00e8ncer als seus lectors i lectores l&#8217;\u00fas d&#8217;aquestes peces de\u00a0les que\u00a0presumeixen.<\/p>\n<p>Algunes bloggers de moda usen a les seves parelles o amistats perqu\u00e8 els facin les fotos. Potser per comen\u00e7ar no est\u00e0 gens malament, encara que els recomanaria que s&#8217;apuntessin a algun <a href=\"http:\/\/www.naturpixel.cat\" target=\"_blank\" rel=\"noopener\">curs de fotografia<\/a> abans de llan\u00e7ar-se a fer fotos; moltes de les fotos que fan es podrien fer amb un smartphone i s&#8217;estalviarien una dinerada. Amb una bona formaci\u00f3 podrien arribar a fer millors fotos i aprofitar el potencial d&#8217;aquesta c\u00e0mera i objectiu que s&#8217;han comprat.<\/p>\n<p>Altres bloggers de moda aposten per l&#8217;\u00fas d&#8217;un fot\u00f2graf professional, molt b\u00e9 fet! El fot\u00f2graf professional sabr\u00e0 treure el millor d&#8217;ella, buscar la llum que li sigui m\u00e9s favorable, trobar la localitzaci\u00f3 ideal per aquest <em>look<\/em> o <em>outfit<\/em> concret, sabr\u00e0 quan usar accessoris necessaris (flaix, reflectors, etc.), sabr\u00e0 editar les fotografies segons les necessitats o requeriments de cada blogger i, el millor de tot, el fot\u00f2graf professional no s&#8217;afartar\u00e0 de fer fotos com sovint passa\u00a0amb la parella o amistat que els feia les fotos.<\/p>\n<p>Aix\u00ed que ja saps, si busques un fot\u00f2graf professional que s&#8217;encarregui de les teves sessions, no dubtis a <a href=\"http:\/\/www.guillemcalatrava.com\/ca\/bio\/\">contactar amb mi<\/a>!<\/p>\n<p>Us deixo algunes fotos realitzades a la Silvia de <a href=\"http:\/\/silviaboschblog.com\/\" target=\"_blank\" rel=\"noopener\">SilviaBoschBlog<\/a> i a la Milagros de <a href=\"http:\/\/styleinlima.net\/\" target=\"_blank\" rel=\"noopener\">Styleinlima<\/a>.<\/p>\n<p>[\/et_pb_text][\/et_pb_column][\/et_pb_row][et_pb_row admin_label=&#8221;row&#8221; make_fullwidth=&#8221;off&#8221; use_custom_width=&#8221;off&#8221; width_unit=&#8221;on&#8221; use_custom_gutter=&#8221;off&#8221; custom_padding=&#8221;15px|0px&#8221; padding_mobile=&#8221;off&#8221; allow_player_pause=&#8221;off&#8221; parallax=&#8221;off&#8221; parallax_method=&#8221;off&#8221; make_equal=&#8221;off&#8221; column_padding_mobile=&#8221;on&#8221;][et_pb_column type=&#8221;4_4&#8243;][et_pb_text admin_label=&#8221;Texto&#8221; background_layout=&#8221;light&#8221; text_orientation=&#8221;left&#8221; use_border_color=&#8221;off&#8221; border_color=&#8221;#ffffff&#8221; border_style=&#8221;solid&#8221;] <div id=\"jig1\" class=\"justified-image-grid jig-4dfc5fda591b8a80dd9c49d16d154d12 jig-preset-global jig-source-wp-gallery\"><div class=\"jig-clearfix\"><\/div><noscript id=\"jig1-html\" class=\"justified-image-grid-html\" data-lazy-src=\"skiplazyload\" data-src=\"skipunveillazyload\"><ul><li><a href=\"https:\/\/guillemcalatrava.com\/wp-content\/uploads\/Sesiones-fotograficas-blogger-moda-001.jpg\"><img loading=\"lazy\" decoding=\"async\" src=\"https:\/\/guillemcalatrava.com\/wp-content\/plugins\/justified-image-grid\/timthumb.php?src=https%3A%2F%2Fguillemcalatrava.com%2Fwp-content%2Fuploads%2FSesiones-fotograficas-blogger-moda-001.jpg&amp;h=480&amp;q=90&amp;f=.jpg\" alt=\"Sesiones-fotograficas-blogger-moda-001\" width=\"719\" height=\"480\" \/><\/a><p class=\"jig-HTMLdescription\">Sesiones-fotograficas-blogger-moda-001<\/p><\/li><li><a href=\"https:\/\/guillemcalatrava.com\/wp-content\/uploads\/Sesiones-fotograficas-blogger-moda-002.jpg\"><img loading=\"lazy\" decoding=\"async\" src=\"https:\/\/guillemcalatrava.com\/wp-content\/plugins\/justified-image-grid\/timthumb.php?src=https%3A%2F%2Fguillemcalatrava.com%2Fwp-content%2Fuploads%2FSesiones-fotograficas-blogger-moda-002.jpg&amp;h=480&amp;q=90&amp;f=.jpg\" alt=\"Sesiones-fotograficas-blogger-moda-002\" width=\"719\" height=\"480\" \/><\/a><p class=\"jig-HTMLdescription\">Sesiones-fotograficas-blogger-moda-002<\/p><\/li><li><a href=\"https:\/\/guillemcalatrava.com\/wp-content\/uploads\/Sesiones-fotograficas-blogger-moda-003.jpg\"><img loading=\"lazy\" decoding=\"async\" src=\"https:\/\/guillemcalatrava.com\/wp-content\/plugins\/justified-image-grid\/timthumb.php?src=https%3A%2F%2Fguillemcalatrava.com%2Fwp-content%2Fuploads%2FSesiones-fotograficas-blogger-moda-003.jpg&amp;h=480&amp;q=90&amp;f=.jpg\" alt=\"Sesiones-fotograficas-blogger-moda-003\" width=\"720\" height=\"480\" \/><\/a><p class=\"jig-HTMLdescription\">Sesiones-fotograficas-blogger-moda-003<\/p><\/li><li><a href=\"https:\/\/guillemcalatrava.com\/wp-content\/uploads\/Sesiones-fotograficas-blogger-moda-004.jpg\"><img loading=\"lazy\" decoding=\"async\" src=\"https:\/\/guillemcalatrava.com\/wp-content\/plugins\/justified-image-grid\/timthumb.php?src=https%3A%2F%2Fguillemcalatrava.com%2Fwp-content%2Fuploads%2FSesiones-fotograficas-blogger-moda-004.jpg&amp;h=480&amp;q=90&amp;f=.jpg\" alt=\"Sesiones-fotograficas-blogger-moda-004\" width=\"719\" height=\"480\" \/><\/a><p class=\"jig-HTMLdescription\">Sesiones-fotograficas-blogger-moda-004<\/p><\/li><li><a href=\"https:\/\/guillemcalatrava.com\/wp-content\/uploads\/Sesiones-fotograficas-blogger-moda-028.jpg\"><img loading=\"lazy\" decoding=\"async\" src=\"https:\/\/guillemcalatrava.com\/wp-content\/plugins\/justified-image-grid\/timthumb.php?src=https%3A%2F%2Fguillemcalatrava.com%2Fwp-content%2Fuploads%2FSesiones-fotograficas-blogger-moda-028.jpg&amp;h=480&amp;q=90&amp;f=.jpg\" alt=\"Sesiones-fotograficas-blogger-moda-028\" width=\"320\" height=\"480\" \/><\/a><p class=\"jig-HTMLdescription\">Sesiones-fotograficas-blogger-moda-028<\/p><\/li><li><a href=\"https:\/\/guillemcalatrava.com\/wp-content\/uploads\/Sesiones-fotograficas-blogger-moda-005.jpg\"><img loading=\"lazy\" decoding=\"async\" src=\"https:\/\/guillemcalatrava.com\/wp-content\/plugins\/justified-image-grid\/timthumb.php?src=https%3A%2F%2Fguillemcalatrava.com%2Fwp-content%2Fuploads%2FSesiones-fotograficas-blogger-moda-005.jpg&amp;h=480&amp;q=90&amp;f=.jpg\" alt=\"Sesiones-fotograficas-blogger-moda-005\" width=\"320\" height=\"480\" \/><\/a><p class=\"jig-HTMLdescription\">Sesiones-fotograficas-blogger-moda-005<\/p><\/li><li><a href=\"https:\/\/guillemcalatrava.com\/wp-content\/uploads\/Sesiones-fotograficas-blogger-moda-006.jpg\"><img loading=\"lazy\" decoding=\"async\" src=\"https:\/\/guillemcalatrava.com\/wp-content\/plugins\/justified-image-grid\/timthumb.php?src=https%3A%2F%2Fguillemcalatrava.com%2Fwp-content%2Fuploads%2FSesiones-fotograficas-blogger-moda-006.jpg&amp;h=480&amp;q=90&amp;f=.jpg\" alt=\"Sesiones-fotograficas-blogger-moda-006\" width=\"320\" height=\"480\" \/><\/a><p class=\"jig-HTMLdescription\">Sesiones-fotograficas-blogger-moda-006<\/p><\/li><li><a href=\"https:\/\/guillemcalatrava.com\/wp-content\/uploads\/Sesiones-fotograficas-blogger-moda-008.jpg\"><img loading=\"lazy\" decoding=\"async\" src=\"https:\/\/guillemcalatrava.com\/wp-content\/plugins\/justified-image-grid\/timthumb.php?src=https%3A%2F%2Fguillemcalatrava.com%2Fwp-content%2Fuploads%2FSesiones-fotograficas-blogger-moda-008.jpg&amp;h=480&amp;q=90&amp;f=.jpg\" alt=\"Sesiones-fotograficas-blogger-moda-008\" width=\"320\" height=\"480\" \/><\/a><p class=\"jig-HTMLdescription\">Sesiones-fotograficas-blogger-moda-008<\/p><\/li><li><a href=\"https:\/\/guillemcalatrava.com\/wp-content\/uploads\/Sesiones-fotograficas-blogger-moda-009.jpg\"><img loading=\"lazy\" decoding=\"async\" src=\"https:\/\/guillemcalatrava.com\/wp-content\/plugins\/justified-image-grid\/timthumb.php?src=https%3A%2F%2Fguillemcalatrava.com%2Fwp-content%2Fuploads%2FSesiones-fotograficas-blogger-moda-009.jpg&amp;h=480&amp;q=90&amp;f=.jpg\" alt=\"Sesiones-fotograficas-blogger-moda-009\" width=\"320\" height=\"480\" \/><\/a><p class=\"jig-HTMLdescription\">Sesiones-fotograficas-blogger-moda-009<\/p><\/li><li><a href=\"https:\/\/guillemcalatrava.com\/wp-content\/uploads\/Sesiones-fotograficas-blogger-moda-010.jpg\"><img loading=\"lazy\" decoding=\"async\" src=\"https:\/\/guillemcalatrava.com\/wp-content\/plugins\/justified-image-grid\/timthumb.php?src=https%3A%2F%2Fguillemcalatrava.com%2Fwp-content%2Fuploads%2FSesiones-fotograficas-blogger-moda-010.jpg&amp;h=480&amp;q=90&amp;f=.jpg\" alt=\"Sesiones-fotograficas-blogger-moda-010\" width=\"320\" height=\"480\" \/><\/a><p class=\"jig-HTMLdescription\">Sesiones-fotograficas-blogger-moda-010<\/p><\/li><li><a href=\"https:\/\/guillemcalatrava.com\/wp-content\/uploads\/Sesiones-fotograficas-blogger-moda-011.jpg\"><img loading=\"lazy\" decoding=\"async\" src=\"https:\/\/guillemcalatrava.com\/wp-content\/plugins\/justified-image-grid\/timthumb.php?src=https%3A%2F%2Fguillemcalatrava.com%2Fwp-content%2Fuploads%2FSesiones-fotograficas-blogger-moda-011.jpg&amp;h=480&amp;q=90&amp;f=.jpg\" alt=\"Sesiones-fotograficas-blogger-moda-011\" width=\"719\" height=\"480\" \/><\/a><p class=\"jig-HTMLdescription\">Sesiones-fotograficas-blogger-moda-011<\/p><\/li><li><a href=\"https:\/\/guillemcalatrava.com\/wp-content\/uploads\/Sesiones-fotograficas-blogger-moda-012.jpg\"><img loading=\"lazy\" decoding=\"async\" src=\"https:\/\/guillemcalatrava.com\/wp-content\/plugins\/justified-image-grid\/timthumb.php?src=https%3A%2F%2Fguillemcalatrava.com%2Fwp-content%2Fuploads%2FSesiones-fotograficas-blogger-moda-012.jpg&amp;h=480&amp;q=90&amp;f=.jpg\" alt=\"Sesiones-fotograficas-blogger-moda-012\" width=\"319\" height=\"480\" \/><\/a><p class=\"jig-HTMLdescription\">Sesiones-fotograficas-blogger-moda-012<\/p><\/li><li><a href=\"https:\/\/guillemcalatrava.com\/wp-content\/uploads\/Sesiones-fotograficas-blogger-moda-007.jpg\"><img loading=\"lazy\" decoding=\"async\" src=\"https:\/\/guillemcalatrava.com\/wp-content\/plugins\/justified-image-grid\/timthumb.php?src=https%3A%2F%2Fguillemcalatrava.com%2Fwp-content%2Fuploads%2FSesiones-fotograficas-blogger-moda-007.jpg&amp;h=480&amp;q=90&amp;f=.jpg\" alt=\"Sesiones-fotograficas-blogger-moda-007\" width=\"320\" height=\"480\" \/><\/a><p class=\"jig-HTMLdescription\">Sesiones-fotograficas-blogger-moda-007<\/p><\/li><li><a href=\"https:\/\/guillemcalatrava.com\/wp-content\/uploads\/Sesiones-fotograficas-blogger-moda-014.jpg\"><img loading=\"lazy\" decoding=\"async\" src=\"https:\/\/guillemcalatrava.com\/wp-content\/plugins\/justified-image-grid\/timthumb.php?src=https%3A%2F%2Fguillemcalatrava.com%2Fwp-content%2Fuploads%2FSesiones-fotograficas-blogger-moda-014.jpg&amp;h=480&amp;q=90&amp;f=.jpg\" alt=\"Sesiones-fotograficas-blogger-moda-014\" width=\"320\" height=\"480\" \/><\/a><p class=\"jig-HTMLdescription\">Sesiones-fotograficas-blogger-moda-014<\/p><\/li><li><a href=\"https:\/\/guillemcalatrava.com\/wp-content\/uploads\/Sesiones-fotograficas-blogger-moda-013.jpg\"><img loading=\"lazy\" decoding=\"async\" src=\"https:\/\/guillemcalatrava.com\/wp-content\/plugins\/justified-image-grid\/timthumb.php?src=https%3A%2F%2Fguillemcalatrava.com%2Fwp-content%2Fuploads%2FSesiones-fotograficas-blogger-moda-013.jpg&amp;h=480&amp;q=90&amp;f=.jpg\" alt=\"Sesiones-fotograficas-blogger-moda-013\" width=\"320\" height=\"480\" \/><\/a><p class=\"jig-HTMLdescription\">Sesiones-fotograficas-blogger-moda-013<\/p><\/li><li><a href=\"https:\/\/guillemcalatrava.com\/wp-content\/uploads\/Sesiones-fotograficas-blogger-moda-015.jpg\"><img loading=\"lazy\" decoding=\"async\" src=\"https:\/\/guillemcalatrava.com\/wp-content\/plugins\/justified-image-grid\/timthumb.php?src=https%3A%2F%2Fguillemcalatrava.com%2Fwp-content%2Fuploads%2FSesiones-fotograficas-blogger-moda-015.jpg&amp;h=480&amp;q=90&amp;f=.jpg\" alt=\"Sesiones-fotograficas-blogger-moda-015\" width=\"719\" height=\"480\" \/><\/a><p class=\"jig-HTMLdescription\">Sesiones-fotograficas-blogger-moda-015<\/p><\/li><li><a href=\"https:\/\/guillemcalatrava.com\/wp-content\/uploads\/Sesiones-fotograficas-blogger-moda-017.jpg\"><img loading=\"lazy\" decoding=\"async\" src=\"https:\/\/guillemcalatrava.com\/wp-content\/plugins\/justified-image-grid\/timthumb.php?src=https%3A%2F%2Fguillemcalatrava.com%2Fwp-content%2Fuploads%2FSesiones-fotograficas-blogger-moda-017.jpg&amp;h=480&amp;q=90&amp;f=.jpg\" alt=\"Sesiones-fotograficas-blogger-moda-017\" width=\"320\" height=\"480\" \/><\/a><p class=\"jig-HTMLdescription\">Sesiones-fotograficas-blogger-moda-017<\/p><\/li><li><a href=\"https:\/\/guillemcalatrava.com\/wp-content\/uploads\/Sesiones-fotograficas-blogger-moda-018.jpg\"><img loading=\"lazy\" decoding=\"async\" src=\"https:\/\/guillemcalatrava.com\/wp-content\/plugins\/justified-image-grid\/timthumb.php?src=https%3A%2F%2Fguillemcalatrava.com%2Fwp-content%2Fuploads%2FSesiones-fotograficas-blogger-moda-018.jpg&amp;h=480&amp;q=90&amp;f=.jpg\" alt=\"Sesiones-fotograficas-blogger-moda-018\" width=\"719\" height=\"480\" \/><\/a><p class=\"jig-HTMLdescription\">Sesiones-fotograficas-blogger-moda-018<\/p><\/li><li><a href=\"https:\/\/guillemcalatrava.com\/wp-content\/uploads\/Sesiones-fotograficas-blogger-moda-016.jpg\"><img loading=\"lazy\" decoding=\"async\" src=\"https:\/\/guillemcalatrava.com\/wp-content\/plugins\/justified-image-grid\/timthumb.php?src=https%3A%2F%2Fguillemcalatrava.com%2Fwp-content%2Fuploads%2FSesiones-fotograficas-blogger-moda-016.jpg&amp;h=480&amp;q=90&amp;f=.jpg\" alt=\"Sesiones-fotograficas-blogger-moda-016\" width=\"320\" height=\"480\" \/><\/a><p class=\"jig-HTMLdescription\">Sesiones-fotograficas-blogger-moda-016<\/p><\/li><li><a href=\"https:\/\/guillemcalatrava.com\/wp-content\/uploads\/Sesiones-fotograficas-blogger-moda-019.jpg\"><img loading=\"lazy\" decoding=\"async\" src=\"https:\/\/guillemcalatrava.com\/wp-content\/plugins\/justified-image-grid\/timthumb.php?src=https%3A%2F%2Fguillemcalatrava.com%2Fwp-content%2Fuploads%2FSesiones-fotograficas-blogger-moda-019.jpg&amp;h=480&amp;q=90&amp;f=.jpg\" alt=\"Sesiones-fotograficas-blogger-moda-019\" width=\"320\" height=\"480\" \/><\/a><p class=\"jig-HTMLdescription\">Sesiones-fotograficas-blogger-moda-019<\/p><\/li><li><a href=\"https:\/\/guillemcalatrava.com\/wp-content\/uploads\/Sesiones-fotograficas-blogger-moda-020.jpg\"><img loading=\"lazy\" decoding=\"async\" src=\"https:\/\/guillemcalatrava.com\/wp-content\/plugins\/justified-image-grid\/timthumb.php?src=https%3A%2F%2Fguillemcalatrava.com%2Fwp-content%2Fuploads%2FSesiones-fotograficas-blogger-moda-020.jpg&amp;h=480&amp;q=90&amp;f=.jpg\" alt=\"Sesiones-fotograficas-blogger-moda-020\" width=\"320\" height=\"480\" \/><\/a><p class=\"jig-HTMLdescription\">Sesiones-fotograficas-blogger-moda-020<\/p><\/li><li><a href=\"https:\/\/guillemcalatrava.com\/wp-content\/uploads\/Sesiones-fotograficas-blogger-moda-021.jpg\"><img loading=\"lazy\" decoding=\"async\" src=\"https:\/\/guillemcalatrava.com\/wp-content\/plugins\/justified-image-grid\/timthumb.php?src=https%3A%2F%2Fguillemcalatrava.com%2Fwp-content%2Fuploads%2FSesiones-fotograficas-blogger-moda-021.jpg&amp;h=480&amp;q=90&amp;f=.jpg\" alt=\"Sesiones-fotograficas-blogger-moda-021\" width=\"480\" height=\"480\" \/><\/a><p class=\"jig-HTMLdescription\">Sesiones-fotograficas-blogger-moda-021<\/p><\/li><li><a href=\"https:\/\/guillemcalatrava.com\/wp-content\/uploads\/Sesiones-fotograficas-blogger-moda-022.jpg\"><img loading=\"lazy\" decoding=\"async\" src=\"https:\/\/guillemcalatrava.com\/wp-content\/plugins\/justified-image-grid\/timthumb.php?src=https%3A%2F%2Fguillemcalatrava.com%2Fwp-content%2Fuploads%2FSesiones-fotograficas-blogger-moda-022.jpg&amp;h=480&amp;q=90&amp;f=.jpg\" alt=\"Sesiones-fotograficas-blogger-moda-022\" width=\"320\" height=\"480\" \/><\/a><p class=\"jig-HTMLdescription\">Sesiones-fotograficas-blogger-moda-022<\/p><\/li><li><a href=\"https:\/\/guillemcalatrava.com\/wp-content\/uploads\/Sesiones-fotograficas-blogger-moda-023.jpg\"><img loading=\"lazy\" decoding=\"async\" src=\"https:\/\/guillemcalatrava.com\/wp-content\/plugins\/justified-image-grid\/timthumb.php?src=https%3A%2F%2Fguillemcalatrava.com%2Fwp-content%2Fuploads%2FSesiones-fotograficas-blogger-moda-023.jpg&amp;h=480&amp;q=90&amp;f=.jpg\" alt=\"Sesiones-fotograficas-blogger-moda-023\" width=\"480\" height=\"480\" \/><\/a><p class=\"jig-HTMLdescription\">Sesiones-fotograficas-blogger-moda-023<\/p><\/li><li><a href=\"https:\/\/guillemcalatrava.com\/wp-content\/uploads\/Sesiones-fotograficas-blogger-moda-025.jpg\"><img loading=\"lazy\" decoding=\"async\" src=\"https:\/\/guillemcalatrava.com\/wp-content\/plugins\/justified-image-grid\/timthumb.php?src=https%3A%2F%2Fguillemcalatrava.com%2Fwp-content%2Fuploads%2FSesiones-fotograficas-blogger-moda-025.jpg&amp;h=480&amp;q=90&amp;f=.jpg\" alt=\"Sesiones-fotograficas-blogger-moda-025\" width=\"719\" height=\"480\" \/><\/a><p class=\"jig-HTMLdescription\">Sesiones-fotograficas-blogger-moda-025<\/p><\/li><li><a href=\"https:\/\/guillemcalatrava.com\/wp-content\/uploads\/Sesiones-fotograficas-blogger-moda-026.jpg\"><img loading=\"lazy\" decoding=\"async\" src=\"https:\/\/guillemcalatrava.com\/wp-content\/plugins\/justified-image-grid\/timthumb.php?src=https%3A%2F%2Fguillemcalatrava.com%2Fwp-content%2Fuploads%2FSesiones-fotograficas-blogger-moda-026.jpg&amp;h=480&amp;q=90&amp;f=.jpg\" alt=\"Sesiones-fotograficas-blogger-moda-026\" width=\"480\" height=\"480\" \/><\/a><p class=\"jig-HTMLdescription\">Sesiones-fotograficas-blogger-moda-026<\/p><\/li><li><a href=\"https:\/\/guillemcalatrava.com\/wp-content\/uploads\/Sesiones-fotograficas-blogger-moda-027.jpg\"><img loading=\"lazy\" decoding=\"async\" src=\"https:\/\/guillemcalatrava.com\/wp-content\/plugins\/justified-image-grid\/timthumb.php?src=https%3A%2F%2Fguillemcalatrava.com%2Fwp-content%2Fuploads%2FSesiones-fotograficas-blogger-moda-027.jpg&amp;h=480&amp;q=90&amp;f=.jpg\" alt=\"Sesiones-fotograficas-blogger-moda-027\" width=\"719\" height=\"480\" \/><\/a><p class=\"jig-HTMLdescription\">Sesiones-fotograficas-blogger-moda-027<\/p><\/li><\/ul><\/noscript><\/div> [\/et_pb_text][\/et_pb_column][\/et_pb_row][\/et_pb_section]<\/p>\n","protected":false},"excerpt":{"rendered":"<p>Un dels serveis fotogr\u00e0fics que he afegit recentment al meu repertori \u00e9s el de la realitzaci\u00f3 de sessions fotogr\u00e0fiques per a bloggers de moda. No \u00e9s un servei nou, ja ho havia fet en anteriors ocasions, per\u00f2 en els \u00faltims mesos li estic dedicant cada vegada m\u00e9s temps. Les bloggers de moda viuen (o intenten [&hellip;]<\/p>\n","protected":false},"author":2,"featured_media":6052,"comment_status":"open","ping_status":"closed","sticky":false,"template":"","format":"standard","meta":{"_et_pb_use_builder":"on","_et_pb_old_content":"","_et_gb_content_width":"","ngg_post_thumbnail":0,"footnotes":""},"categories":[114,111,77,97],"tags":[],"class_list":["post-6103","post","type-post","status-publish","format-standard","has-post-thumbnail","hentry","category-blog-ca","category-blogger-de-moda-ca","category-client","category-moda-ca"],"_links":{"self":[{"href":"https:\/\/guillemcalatrava.com\/ca\/wp-json\/wp\/v2\/posts\/6103","targetHints":{"allow":["GET"]}}],"collection":[{"href":"https:\/\/guillemcalatrava.com\/ca\/wp-json\/wp\/v2\/posts"}],"about":[{"href":"https:\/\/guillemcalatrava.com\/ca\/wp-json\/wp\/v2\/types\/post"}],"author":[{"embeddable":true,"href":"https:\/\/guillemcalatrava.com\/ca\/wp-json\/wp\/v2\/users\/2"}],"replies":[{"embeddable":true,"href":"https:\/\/guillemcalatrava.com\/ca\/wp-json\/wp\/v2\/comments?post=6103"}],"version-history":[{"count":0,"href":"https:\/\/guillemcalatrava.com\/ca\/wp-json\/wp\/v2\/posts\/6103\/revisions"}],"wp:featuredmedia":[{"embeddable":true,"href":"https:\/\/guillemcalatrava.com\/ca\/wp-json\/wp\/v2\/media\/6052"}],"wp:attachment":[{"href":"https:\/\/guillemcalatrava.com\/ca\/wp-json\/wp\/v2\/media?parent=6103"}],"wp:term":[{"taxonomy":"category","embeddable":true,"href":"https:\/\/guillemcalatrava.com\/ca\/wp-json\/wp\/v2\/categories?post=6103"},{"taxonomy":"post_tag","embeddable":true,"href":"https:\/\/guillemcalatrava.com\/ca\/wp-json\/wp\/v2\/tags?post=6103"}],"curies":[{"name":"wp","href":"https:\/\/api.w.org\/{rel}","templated":true}]}}