{"id":6019,"date":"2013-05-13T10:00:07","date_gmt":"2013-05-13T08:00:07","guid":{"rendered":"http:\/\/www.guillemcalatrava.com\/ca\/2013\/05\/13\/una-mesa-muy-dulce-para-un-baby-shower\/"},"modified":"2015-10-19T16:37:17","modified_gmt":"2015-10-19T14:37:17","slug":"una-mesa-muy-dulce-para-un-baby-shower","status":"publish","type":"post","link":"https:\/\/guillemcalatrava.com\/ca\/2013\/05\/13\/una-mesa-muy-dulce-para-un-baby-shower\/","title":{"rendered":"Una taula molt dol\u00e7a per un Baby Shower"},"content":{"rendered":"<p><img loading=\"lazy\" decoding=\"async\" class=\"aligncenter size-full wp-image-2675\" src=\"http:\/\/www.guillemcalatrava.com\/wp-content\/uploads\/interiorportada_001.jpg\" alt=\"interiorportada_001\" width=\"915\" height=\"375\" srcset=\"https:\/\/guillemcalatrava.com\/wp-content\/uploads\/interiorportada_001.jpg 915w, https:\/\/guillemcalatrava.com\/wp-content\/uploads\/interiorportada_001-300x123.jpg 300w\" sizes=\"(max-width: 915px) 100vw, 915px\" \/><\/p>\n<p>Les germanes Silvia i Cristina Bosch han decidit muntar el seu propi negoci anomenat &#8220;<a title=\"Silvie et Cristine\" href=\"http:\/\/silvieetcristine.com\/\" target=\"_blank\" rel=\"noopener\">Silive et Cristine<\/a>&#8220;, tot i que encara no tenen la web operativa al 100%, si que tenen el seu blog: <a title=\"9 meses despu\u00e9s\" href=\"http:\/\/www.9mesesdespues.com\/\" target=\"_blank\" rel=\"noopener\">9 meses despu\u00e9s<\/a>. Com ja haureu intu\u00eft, es tracta d&#8217;un negoci especialitzat en productes per a beb\u00e8s i el seu entorn.<\/p>\n<p>Em van contactar per realitzar fotografies al muntatge d&#8217;un dels seus esdeveniments que tamb\u00e9 organitzen, un <a title=\"Organizar un Baby Shower\" href=\"http:\/\/www.9mesesdespues.com\/2013\/04\/quieres-que-te-ayudemos-hacer-tu-baby.html\" target=\"_blank\" rel=\"noopener\">Baby Shower<\/a>.\u00a0Pels que no s\u00e0piguen qu\u00e8 \u00e9s un Baby Shower, dir-vos que es tracta d&#8217;una festa que t\u00e9 com a finalitat celebrar l&#8217;arribada imminent d&#8217;un beb\u00e8 i de pas ajudar als pares a aconseguir diversos objectes que necessitaran per al seu nen\/a, tot i que \u00e9s una festa t\u00edpica dels Estats Units, sembla ser que cada vegada \u00e9s m\u00e9s com\u00fa celebrar-ho a les notres terres.<\/p>\n<p>Us deixo amb algunes de les fotos realitzades:<\/p>\n\n\t\t<style type=\"text\/css\">\n\t\t\t#gallery-1 {\n\t\t\t\tmargin: auto;\n\t\t\t}\n\t\t\t#gallery-1 .gallery-item {\n\t\t\t\tfloat: left;\n\t\t\t\tmargin-top: 10px;\n\t\t\t\ttext-align: center;\n\t\t\t\twidth: 25%;\n\t\t\t}\n\t\t\t#gallery-1 img {\n\t\t\t\tborder: 2px solid #cfcfcf;\n\t\t\t}\n\t\t\t#gallery-1 .gallery-caption {\n\t\t\t\tmargin-left: 0;\n\t\t\t}\n\t\t\t\/* see gallery_shortcode() in wp-includes\/media.php *\/\n\t\t<\/style>\n\t\t<div id='gallery-1' class='gallery galleryid-6019 gallery-columns-4 gallery-size-thumbnail'><dl class='gallery-item'>\n\t\t\t<dt class='gallery-icon landscape'>\n\t\t\t\t<a href=\"https:\/\/guillemcalatrava.com\/wp-content\/uploads\/silvieetcristine_001.jpg\"><img loading=\"lazy\" decoding=\"async\" width=\"150\" height=\"150\" src=\"https:\/\/guillemcalatrava.com\/wp-content\/uploads\/silvieetcristine_001-150x150.jpg\" class=\"attachment-thumbnail size-thumbnail\" alt=\"\" \/><\/a>\n\t\t\t<\/dt><\/dl><dl class='gallery-item'>\n\t\t\t<dt class='gallery-icon landscape'>\n\t\t\t\t<a href=\"https:\/\/guillemcalatrava.com\/wp-content\/uploads\/silvieetcristine_002.jpg\"><img loading=\"lazy\" decoding=\"async\" width=\"150\" height=\"150\" src=\"https:\/\/guillemcalatrava.com\/wp-content\/uploads\/silvieetcristine_002-150x150.jpg\" class=\"attachment-thumbnail size-thumbnail\" alt=\"\" \/><\/a>\n\t\t\t<\/dt><\/dl><dl class='gallery-item'>\n\t\t\t<dt class='gallery-icon landscape'>\n\t\t\t\t<a href=\"https:\/\/guillemcalatrava.com\/wp-content\/uploads\/silvieetcristine_003.jpg\"><img loading=\"lazy\" decoding=\"async\" width=\"150\" height=\"150\" src=\"https:\/\/guillemcalatrava.com\/wp-content\/uploads\/silvieetcristine_003-150x150.jpg\" class=\"attachment-thumbnail size-thumbnail\" alt=\"\" \/><\/a>\n\t\t\t<\/dt><\/dl><dl class='gallery-item'>\n\t\t\t<dt class='gallery-icon landscape'>\n\t\t\t\t<a href=\"https:\/\/guillemcalatrava.com\/wp-content\/uploads\/silvieetcristine_004.jpg\"><img loading=\"lazy\" decoding=\"async\" width=\"150\" height=\"150\" src=\"https:\/\/guillemcalatrava.com\/wp-content\/uploads\/silvieetcristine_004-150x150.jpg\" class=\"attachment-thumbnail size-thumbnail\" alt=\"\" \/><\/a>\n\t\t\t<\/dt><\/dl><br style=\"clear: both\" \/><dl class='gallery-item'>\n\t\t\t<dt class='gallery-icon landscape'>\n\t\t\t\t<a href=\"https:\/\/guillemcalatrava.com\/wp-content\/uploads\/silvieetcristine_005.jpg\"><img loading=\"lazy\" decoding=\"async\" width=\"150\" height=\"150\" src=\"https:\/\/guillemcalatrava.com\/wp-content\/uploads\/silvieetcristine_005-150x150.jpg\" class=\"attachment-thumbnail size-thumbnail\" alt=\"\" \/><\/a>\n\t\t\t<\/dt><\/dl><dl class='gallery-item'>\n\t\t\t<dt class='gallery-icon portrait'>\n\t\t\t\t<a href=\"https:\/\/guillemcalatrava.com\/wp-content\/uploads\/silvieetcristine_006.jpg\"><img loading=\"lazy\" decoding=\"async\" width=\"150\" height=\"150\" src=\"https:\/\/guillemcalatrava.com\/wp-content\/uploads\/silvieetcristine_006-150x150.jpg\" class=\"attachment-thumbnail size-thumbnail\" alt=\"\" \/><\/a>\n\t\t\t<\/dt><\/dl><dl class='gallery-item'>\n\t\t\t<dt class='gallery-icon landscape'>\n\t\t\t\t<a href=\"https:\/\/guillemcalatrava.com\/wp-content\/uploads\/silvieetcristine_007.jpg\"><img loading=\"lazy\" decoding=\"async\" width=\"150\" height=\"150\" src=\"https:\/\/guillemcalatrava.com\/wp-content\/uploads\/silvieetcristine_007-150x150.jpg\" class=\"attachment-thumbnail size-thumbnail\" alt=\"\" \/><\/a>\n\t\t\t<\/dt><\/dl>\n\t\t\t<br style='clear: both' \/>\n\t\t<\/div>\n\n","protected":false},"excerpt":{"rendered":"<p>Les germanes Silvia i Cristina Bosch han decidit muntar el seu propi negoci anomenat &#8220;Silive et Cristine&#8220;, tot i que encara no tenen la web operativa al 100%, si que tenen el seu blog: 9 meses despu\u00e9s. Com ja haureu intu\u00eft, es tracta d&#8217;un negoci especialitzat en productes per a beb\u00e8s i el seu entorn. [&hellip;]<\/p>\n","protected":false},"author":2,"featured_media":2587,"comment_status":"open","ping_status":"open","sticky":false,"template":"","format":"standard","meta":{"_et_pb_use_builder":"","_et_pb_old_content":"","_et_gb_content_width":"","ngg_post_thumbnail":0,"footnotes":""},"categories":[],"tags":[],"class_list":["post-6019","post","type-post","status-publish","format-standard","has-post-thumbnail","hentry"],"_links":{"self":[{"href":"https:\/\/guillemcalatrava.com\/ca\/wp-json\/wp\/v2\/posts\/6019","targetHints":{"allow":["GET"]}}],"collection":[{"href":"https:\/\/guillemcalatrava.com\/ca\/wp-json\/wp\/v2\/posts"}],"about":[{"href":"https:\/\/guillemcalatrava.com\/ca\/wp-json\/wp\/v2\/types\/post"}],"author":[{"embeddable":true,"href":"https:\/\/guillemcalatrava.com\/ca\/wp-json\/wp\/v2\/users\/2"}],"replies":[{"embeddable":true,"href":"https:\/\/guillemcalatrava.com\/ca\/wp-json\/wp\/v2\/comments?post=6019"}],"version-history":[{"count":0,"href":"https:\/\/guillemcalatrava.com\/ca\/wp-json\/wp\/v2\/posts\/6019\/revisions"}],"wp:featuredmedia":[{"embeddable":true,"href":"https:\/\/guillemcalatrava.com\/ca\/wp-json\/wp\/v2\/media\/2587"}],"wp:attachment":[{"href":"https:\/\/guillemcalatrava.com\/ca\/wp-json\/wp\/v2\/media?parent=6019"}],"wp:term":[{"taxonomy":"category","embeddable":true,"href":"https:\/\/guillemcalatrava.com\/ca\/wp-json\/wp\/v2\/categories?post=6019"},{"taxonomy":"post_tag","embeddable":true,"href":"https:\/\/guillemcalatrava.com\/ca\/wp-json\/wp\/v2\/tags?post=6019"}],"curies":[{"name":"wp","href":"https:\/\/api.w.org\/{rel}","templated":true}]}}