{"id":6010,"date":"2013-05-16T13:30:56","date_gmt":"2013-05-16T11:30:56","guid":{"rendered":"http:\/\/www.guillemcalatrava.com\/ca\/2013\/05\/16\/paseando-por-el-lago-leman-y-geolocalizando\/"},"modified":"2015-10-19T14:36:21","modified_gmt":"2015-10-19T12:36:21","slug":"paseando-por-el-lago-leman-y-geolocalizando","status":"publish","type":"post","link":"https:\/\/guillemcalatrava.com\/ca\/2013\/05\/16\/paseando-por-el-lago-leman-y-geolocalizando\/","title":{"rendered":"Passejant pel llac L\u00e9man i geolocalitzant"},"content":{"rendered":"<p>Com\u00a0<a title=\"Paseando por el lago L\u00e9man\" href=\"http:\/\/www.guillemcalatrava.com\/2013\/05\/14\/paseando-por-el-lago-leman\/\" target=\"_blank\">us explicava l&#8217;altre dia<\/a>, despr\u00e9s de la tempesta que em va caure damunt en el meu intent de passeig pel llac, vaig repetir l&#8217;endem\u00e0. Aquesta vegada amb una mica m\u00e9s de sort, almenys al que la meteorologia es refereix.<\/p>\n<p>Vaig sortir de <a title=\"Rolle\" href=\"http:\/\/www.rolle.ch\/\" target=\"_blank\" rel=\"noopener\">Rolle<\/a>, i em vaig dirigir cap a la desembocadura del riu Aubonne. La meva germana em va aconsellar fer aquesta ruta, va comentar que es podia arribar gaireb\u00e9 vorejant el llac, excepte en una zona que s&#8217;ha d&#8217;anar travessant unes vinyes, doncs en aquest punt les &#8220;platges&#8221; del llac s\u00f3n privades i no s&#8217;hi pot passar per all\u00e0.<\/p>\n<p>La veritat que fotograficament no em va agradar massa&#8230; la primera &#8220;etapa&#8221; ja la tenia fotografiada d&#8217;altres ocasions i no em vaig entretenir massa, despr\u00e9s va arribar el moment de creuar les vinyes, i em vaig trobar amb un camp de ferro:<\/p>\n<p style=\"text-align: center;\"><a href=\"http:\/\/www.guillemcalatrava.com\/wp-content\/uploads\/suissa_track_001.jpg\"><img loading=\"lazy\" decoding=\"async\" class=\"aligncenter\" src=\"http:\/\/www.guillemcalatrava.com\/wp-content\/uploads\/suissa_track_001.jpg\" alt=\"suissa_track_001\" width=\"800\" height=\"533\" \/><\/a><\/p>\n<p>Acostumat a les vinyes de les nostres terres, que no estan tan &#8220;metal\u00b7litzats&#8221;, em vaig quedar una mica &#8220;amb les ganes&#8221;&#8230; la idea que tenia en ment no era trobar-me amb aix\u00f2&#8230; per\u00f2 vaig pensar que potser, si hi tornava en una altra \u00e8poca, quan les vinyes hagin crescut m\u00e9s, s\u00ed que pugui fer alguna foto com les que em vaig fer mentalment, amb menys ferro pel mig.<\/p>\n<p>M&#8217;enrecordaria de tornar a aquest punt? Sabria on estava exactament? i si al tornar cap al llac trobava una zona interessant on tornar-hi un altre dia&#8230; Sabria arribar de nou?<\/p>\n<p>Va ser llavors que em vaig enrecordar de l&#8217;article que va publicar l&#8217;<a title=\"Eduard Selva\" href=\"http:\/\/eduardselva.com\/\" target=\"_blank\" rel=\"noopener\">Eduard Selva<\/a>\u00a0a <a title=\"Naturpixel\" href=\"http:\/\/naturpixel.com\/\" target=\"_blank\" rel=\"noopener\">Naturpixel<\/a> sobre <a title=\"Geolocalitzar fotografies a Lightroom\" href=\"http:\/\/naturpixel.com\/2013\/04\/12\/georeferenciar-fotos-con-un-track-de-gps-y-lightroom\/\" target=\"_blank\" rel=\"noopener\">geolocalizar fotografies a Lightroom<\/a>&#8230; vaig desenfundar el meu iPhone, i vaig connectar l&#8217;aplicaci\u00f3 <a title=\"Endomondo\" href=\"http:\/\/www.endomondo.com\/\" target=\"_blank\" rel=\"noopener\">Endomondo<\/a>, la vaig configurar com a &#8220;caminada&#8221; i vaig iniciar-la. Aix\u00ed tindria la meva ruta geolocalizada, i al arribar a casa podria exportar el track i implementar-ho a les fotos realitzades, i saber exactament on va ser presa cadascuna d&#8217;elles.<\/p>\n<p style=\"text-align: center;\"><a href=\"http:\/\/www.guillemcalatrava.com\/wp-content\/uploads\/LR.jpg\"><img loading=\"lazy\" decoding=\"async\" class=\"aligncenter\" src=\"http:\/\/www.guillemcalatrava.com\/wp-content\/uploads\/LR.jpg\" alt=\"LR\" width=\"717\" height=\"426\" \/><\/a><\/p>\n<p>Les fotografies que vaig capturar abans de connectar l&#8217;aplicaci\u00f3, les vaig poder geolocalizar facilment amb el mapa que ofereix Lightroom, aix\u00ed que tan sols vaig haver d&#8217;arrossegar les fotografies damunt del lloc on les vaig fer.<\/p>\n<p>Encara que fotogr\u00e0ficament no vaig treure unes meravelloses instant\u00e0nies, si que el passeig em va servir per fer una mica d&#8217;exercici, <a href=\"http:\/\/www.endomondo.com\/workouts\/183361607\/4283310\" target=\"_blank\" rel=\"noopener\">en total van ser uns 12km<\/a> (sumant-li tamb\u00e9 els que vaig fer abans d&#8217;encendre l&#8217;aplicaci\u00f3), i a m\u00e9s vaig descobrir algunes zones per tornar en una altra \u00e8poca de l&#8217;any, potser a la tardor&#8230;<\/p>\n<p style=\"text-align: center;\"><a href=\"http:\/\/www.guillemcalatrava.com\/wp-content\/uploads\/suissa_track_003.jpg\"><img loading=\"lazy\" decoding=\"async\" src=\"http:\/\/www.guillemcalatrava.com\/wp-content\/uploads\/suissa_track_003.jpg\" alt=\"suissa_track_003\" width=\"800\" height=\"533\" \/><\/a><\/p>\n<p style=\"text-align: center;\"><a href=\"http:\/\/www.guillemcalatrava.com\/wp-content\/uploads\/suissa_track_002.jpg\"><img loading=\"lazy\" decoding=\"async\" class=\"aligncenter\" src=\"http:\/\/www.guillemcalatrava.com\/wp-content\/uploads\/suissa_track_002.jpg\" alt=\"suissa_track_002\" width=\"800\" height=\"533\" \/><\/a><\/p>\n","protected":false},"excerpt":{"rendered":"<p>Com\u00a0us explicava l&#8217;altre dia, despr\u00e9s de la tempesta que em va caure damunt en el meu intent de passeig pel llac, vaig repetir l&#8217;endem\u00e0. Aquesta vegada amb una mica m\u00e9s de sort, almenys al que la meteorologia es refereix. Vaig sortir de Rolle, i em vaig dirigir cap a la desembocadura del riu Aubonne. La [&hellip;]<\/p>\n","protected":false},"author":2,"featured_media":2819,"comment_status":"open","ping_status":"open","sticky":false,"template":"","format":"standard","meta":{"_et_pb_use_builder":"","_et_pb_old_content":"","_et_gb_content_width":"","ngg_post_thumbnail":0,"footnotes":""},"categories":[],"tags":[],"class_list":["post-6010","post","type-post","status-publish","format-standard","has-post-thumbnail","hentry"],"_links":{"self":[{"href":"https:\/\/guillemcalatrava.com\/ca\/wp-json\/wp\/v2\/posts\/6010","targetHints":{"allow":["GET"]}}],"collection":[{"href":"https:\/\/guillemcalatrava.com\/ca\/wp-json\/wp\/v2\/posts"}],"about":[{"href":"https:\/\/guillemcalatrava.com\/ca\/wp-json\/wp\/v2\/types\/post"}],"author":[{"embeddable":true,"href":"https:\/\/guillemcalatrava.com\/ca\/wp-json\/wp\/v2\/users\/2"}],"replies":[{"embeddable":true,"href":"https:\/\/guillemcalatrava.com\/ca\/wp-json\/wp\/v2\/comments?post=6010"}],"version-history":[{"count":0,"href":"https:\/\/guillemcalatrava.com\/ca\/wp-json\/wp\/v2\/posts\/6010\/revisions"}],"wp:featuredmedia":[{"embeddable":true,"href":"https:\/\/guillemcalatrava.com\/ca\/wp-json\/wp\/v2\/media\/2819"}],"wp:attachment":[{"href":"https:\/\/guillemcalatrava.com\/ca\/wp-json\/wp\/v2\/media?parent=6010"}],"wp:term":[{"taxonomy":"category","embeddable":true,"href":"https:\/\/guillemcalatrava.com\/ca\/wp-json\/wp\/v2\/categories?post=6010"},{"taxonomy":"post_tag","embeddable":true,"href":"https:\/\/guillemcalatrava.com\/ca\/wp-json\/wp\/v2\/tags?post=6010"}],"curies":[{"name":"wp","href":"https:\/\/api.w.org\/{rel}","templated":true}]}}