{"id":5999,"date":"2013-06-03T11:00:55","date_gmt":"2013-06-03T09:00:55","guid":{"rendered":"http:\/\/www.guillemcalatrava.com\/ca\/2013\/06\/03\/fotografiando-gafas-de-sol-wandy\/"},"modified":"2015-10-19T13:56:17","modified_gmt":"2015-10-19T11:56:17","slug":"fotografiando-gafas-de-sol-wandy","status":"publish","type":"post","link":"https:\/\/guillemcalatrava.com\/ca\/2013\/06\/03\/fotografiando-gafas-de-sol-wandy\/","title":{"rendered":"Fotografiant ulleres de sol Wandy"},"content":{"rendered":"<p><a href=\"http:\/\/www.guillemcalatrava.com\/wp-content\/uploads\/Wandy_0081.jpg\"><img loading=\"lazy\" decoding=\"async\" class=\"aligncenter size-full wp-image-3088\" src=\"http:\/\/www.guillemcalatrava.com\/wp-content\/uploads\/Wandy_0081.jpg\" alt=\"Wandy_008\" width=\"1024\" height=\"285\" srcset=\"https:\/\/guillemcalatrava.com\/wp-content\/uploads\/Wandy_0081.jpg 1024w, https:\/\/guillemcalatrava.com\/wp-content\/uploads\/Wandy_0081-300x83.jpg 300w\" sizes=\"(max-width: 1024px) 100vw, 1024px\" \/><\/a><\/p>\n<p>La setmana passada vaig estar fotografiant ulleres de sol\u00a0<strong><a title=\"Wandy\" href=\"http:\/\/www.wandybarcelona.com\/\" target=\"_blank\" rel=\"noopener\">Wandy<\/a>,\u00a0<\/strong>una\u00a0nova marca d&#8217;ulleres de sol dissenyades i fabricades \u00edntegrament a Barcelona per dos joves catalans: en Marc, arquitecte t\u00e8cnic i dissenyador gr\u00e0fic, i en David, enginyer t\u00e8cnic d&#8217;obres p\u00fabliques.<\/p>\n<p>Les ulleres de sol Wandy es caracteritzen per la seva muntura feta de fusta. De moment tenen un model anomenat Rufus disponible en 6 colors diferents.Em van encarregar les fotografies de les 6 opcions de color d&#8217;aquest model d&#8217;ulleres de sol; volien 3 vistes diferents i un parell de fotografies de grup del model.<\/p>\n<p>Per realitzar-les vaig utilitzar un teleobjectiu (concretament el Canon EF 100-400mm f\/4.5-5.6L IS USM) amb filtre polaritzador muntat en una Canon EOS 5D Mark III, flaixos d&#8217;estudi Elinchrom, i un reflector 5 en 1 (del que vaig emprar el difusor i el seu reflector blanc). El reflector el vaig fer serivr per evitar els reflexos als vidres de les ulleres de sol, i per recolzar la llum en alguna presa.<\/p>\n<p>Com que s&#8217;havia de mostrar el color exacte de cada ullera de sol, tamb\u00e9 vaig utilitzar una carta de cal\u00b7libraci\u00f3 de c\u00e0mera <a title=\"X-Rite ColorChecker Passport\" href=\"http:\/\/xritephoto.com\/ph_product_overview.aspx?id=1257&amp;catid=28&amp;action=overview\" target=\"_blank\" rel=\"noopener\">X-Rite ColorChecker Passport<\/a>. Aquesta carta de color, una eina imprescindible si volem mostrar els colors reals, la vaig posar en cada escena diferent, per despr\u00e9s implementar el perfil generat amb Lightroom a cada ullera de sol. Us deixo amb un clar exemple de com afecta aquest calibratge als colors d&#8217;una imatge:<\/p>\n<p style=\"text-align: center;\"><a href=\"http:\/\/www.guillemcalatrava.com\/wp-content\/uploads\/WandyColor_001.jpg\"><img loading=\"lazy\" decoding=\"async\" class=\"aligncenter wp-image-3078\" src=\"http:\/\/www.guillemcalatrava.com\/wp-content\/uploads\/WandyColor_001.jpg\" alt=\"WandyColor_001\" width=\"331\" height=\"221\" srcset=\"https:\/\/guillemcalatrava.com\/wp-content\/uploads\/WandyColor_001.jpg 1024w, https:\/\/guillemcalatrava.com\/wp-content\/uploads\/WandyColor_001-300x200.jpg 300w\" sizes=\"(max-width: 331px) 100vw, 331px\" \/><\/a><\/p>\n<p style=\"text-align: center;\"><img loading=\"lazy\" decoding=\"async\" class=\"wp-image-3079 alignnone\" src=\"http:\/\/www.guillemcalatrava.com\/wp-content\/uploads\/WandyColor_ConPerfil.jpg\" alt=\"WandyColor_ConPerfil\" width=\"393\" height=\"262\" srcset=\"https:\/\/guillemcalatrava.com\/wp-content\/uploads\/WandyColor_ConPerfil.jpg 1024w, https:\/\/guillemcalatrava.com\/wp-content\/uploads\/WandyColor_ConPerfil-300x200.jpg 300w\" sizes=\"(max-width: 393px) 100vw, 393px\" \/><a style=\"text-align: center;\" href=\"http:\/\/www.guillemcalatrava.com\/wp-content\/uploads\/WandyColor_SinPerfil.jpg\"><img loading=\"lazy\" decoding=\"async\" class=\" wp-image-3080 alignnone\" src=\"http:\/\/www.guillemcalatrava.com\/wp-content\/uploads\/WandyColor_SinPerfil.jpg\" alt=\"WandyColor_SinPerfil\" width=\"393\" height=\"262\" srcset=\"https:\/\/guillemcalatrava.com\/wp-content\/uploads\/WandyColor_SinPerfil.jpg 1024w, https:\/\/guillemcalatrava.com\/wp-content\/uploads\/WandyColor_SinPerfil-300x200.jpg 300w\" sizes=\"(max-width: 393px) 100vw, 393px\" \/><\/a><\/p>\n<p style=\"text-align: center;\"><em>Amb el perfil de color personalizat incorporat \u00a0 \u00a0 \u00a0 \u00a0 \u00a0 \u00a0 \u00a0 \u00a0 \u00a0 \u00a0 \u00a0 \u00a0 \u00a0 \u00a0 \u00a0 \u00a0 \u00a0 \u00a0 \u00a0 \u00a0 Sense el perfil de color personalizat incorporat<\/em><\/p>\n<p>Us deixo amb una mostra de les imatges capturades, podeu veure totes les fotografies realitzades a la <a href=\"http:\/\/wandybarcelona.com\/es\/9-coleccion\" target=\"_blank\" rel=\"noopener\">seva web<\/a>.<\/p>\n<p style=\"text-align: center;\"><a href=\"http:\/\/www.guillemcalatrava.com\/wp-content\/uploads\/Wandy_001.jpg\"><img loading=\"lazy\" decoding=\"async\" class=\"wp-image-3090 alignnone\" src=\"http:\/\/www.guillemcalatrava.com\/wp-content\/uploads\/Wandy_001.jpg\" alt=\"Wandy_001\" width=\"450\" height=\"300\" srcset=\"https:\/\/guillemcalatrava.com\/wp-content\/uploads\/Wandy_001.jpg 1024w, https:\/\/guillemcalatrava.com\/wp-content\/uploads\/Wandy_001-300x200.jpg 300w\" sizes=\"(max-width: 450px) 100vw, 450px\" \/><\/a> <a href=\"http:\/\/www.guillemcalatrava.com\/wp-content\/uploads\/Wandy_002.jpg\"><img loading=\"lazy\" decoding=\"async\" class=\"wp-image-3091 alignnone\" src=\"http:\/\/www.guillemcalatrava.com\/wp-content\/uploads\/Wandy_002.jpg\" alt=\"Wandy_002\" width=\"450\" height=\"300\" srcset=\"https:\/\/guillemcalatrava.com\/wp-content\/uploads\/Wandy_002.jpg 1024w, https:\/\/guillemcalatrava.com\/wp-content\/uploads\/Wandy_002-300x200.jpg 300w\" sizes=\"(max-width: 450px) 100vw, 450px\" \/><br \/>\n<\/a><a href=\"http:\/\/www.guillemcalatrava.com\/wp-content\/uploads\/Wandy_003.jpg\"><img loading=\"lazy\" decoding=\"async\" class=\"wp-image-3092 alignnone\" src=\"http:\/\/www.guillemcalatrava.com\/wp-content\/uploads\/Wandy_003.jpg\" alt=\"Wandy_003\" width=\"450\" height=\"300\" srcset=\"https:\/\/guillemcalatrava.com\/wp-content\/uploads\/Wandy_003.jpg 1024w, https:\/\/guillemcalatrava.com\/wp-content\/uploads\/Wandy_003-300x200.jpg 300w\" sizes=\"(max-width: 450px) 100vw, 450px\" \/><\/a> <a href=\"http:\/\/www.guillemcalatrava.com\/wp-content\/uploads\/Wandy_004.jpg\"><img loading=\"lazy\" decoding=\"async\" class=\"wp-image-3093 alignnone\" src=\"http:\/\/www.guillemcalatrava.com\/wp-content\/uploads\/Wandy_004.jpg\" alt=\"Wandy_004\" width=\"450\" height=\"300\" srcset=\"https:\/\/guillemcalatrava.com\/wp-content\/uploads\/Wandy_004.jpg 1024w, https:\/\/guillemcalatrava.com\/wp-content\/uploads\/Wandy_004-300x200.jpg 300w\" sizes=\"(max-width: 450px) 100vw, 450px\" \/><br \/>\n<\/a><a href=\"http:\/\/www.guillemcalatrava.com\/wp-content\/uploads\/Wandy_005.jpg\"><img loading=\"lazy\" decoding=\"async\" class=\"wp-image-3094\" src=\"http:\/\/www.guillemcalatrava.com\/wp-content\/uploads\/Wandy_005.jpg\" alt=\"Wandy_005\" width=\"450\" height=\"300\" srcset=\"https:\/\/guillemcalatrava.com\/wp-content\/uploads\/Wandy_005.jpg 1024w, https:\/\/guillemcalatrava.com\/wp-content\/uploads\/Wandy_005-300x200.jpg 300w\" sizes=\"(max-width: 450px) 100vw, 450px\" \/><\/a><a href=\"http:\/\/www.guillemcalatrava.com\/wp-content\/uploads\/Wandy_006.jpg\"><img loading=\"lazy\" decoding=\"async\" class=\"wp-image-3095 alignnone\" src=\"http:\/\/www.guillemcalatrava.com\/wp-content\/uploads\/Wandy_006.jpg\" alt=\"Wandy_006\" width=\"450\" height=\"300\" srcset=\"https:\/\/guillemcalatrava.com\/wp-content\/uploads\/Wandy_006.jpg 1024w, https:\/\/guillemcalatrava.com\/wp-content\/uploads\/Wandy_006-300x200.jpg 300w\" sizes=\"(max-width: 450px) 100vw, 450px\" \/><\/a><\/p>\n<p>Per cert, no us perdeu el concurs que ha publicat Wandy en el seu <a href=\"http:\/\/www.facebook.com\/wandybcn\" target=\"_blank\" rel=\"noopener\">Facebook<\/a>\u00a0amb motiu del llan\u00e7ament de les seves ulleres de sol!<\/p>\n","protected":false},"excerpt":{"rendered":"<p>La setmana passada vaig estar fotografiant ulleres de sol\u00a0Wandy,\u00a0una\u00a0nova marca d&#8217;ulleres de sol dissenyades i fabricades \u00edntegrament a Barcelona per dos joves catalans: en Marc, arquitecte t\u00e8cnic i dissenyador gr\u00e0fic, i en David, enginyer t\u00e8cnic d&#8217;obres p\u00fabliques. Les ulleres de sol Wandy es caracteritzen per la seva muntura feta de fusta. De moment tenen un [&hellip;]<\/p>\n","protected":false},"author":2,"featured_media":3090,"comment_status":"open","ping_status":"open","sticky":false,"template":"","format":"standard","meta":{"_et_pb_use_builder":"","_et_pb_old_content":"","_et_gb_content_width":"","ngg_post_thumbnail":0,"footnotes":""},"categories":[],"tags":[],"class_list":["post-5999","post","type-post","status-publish","format-standard","has-post-thumbnail","hentry"],"_links":{"self":[{"href":"https:\/\/guillemcalatrava.com\/ca\/wp-json\/wp\/v2\/posts\/5999","targetHints":{"allow":["GET"]}}],"collection":[{"href":"https:\/\/guillemcalatrava.com\/ca\/wp-json\/wp\/v2\/posts"}],"about":[{"href":"https:\/\/guillemcalatrava.com\/ca\/wp-json\/wp\/v2\/types\/post"}],"author":[{"embeddable":true,"href":"https:\/\/guillemcalatrava.com\/ca\/wp-json\/wp\/v2\/users\/2"}],"replies":[{"embeddable":true,"href":"https:\/\/guillemcalatrava.com\/ca\/wp-json\/wp\/v2\/comments?post=5999"}],"version-history":[{"count":0,"href":"https:\/\/guillemcalatrava.com\/ca\/wp-json\/wp\/v2\/posts\/5999\/revisions"}],"wp:featuredmedia":[{"embeddable":true,"href":"https:\/\/guillemcalatrava.com\/ca\/wp-json\/wp\/v2\/media\/3090"}],"wp:attachment":[{"href":"https:\/\/guillemcalatrava.com\/ca\/wp-json\/wp\/v2\/media?parent=5999"}],"wp:term":[{"taxonomy":"category","embeddable":true,"href":"https:\/\/guillemcalatrava.com\/ca\/wp-json\/wp\/v2\/categories?post=5999"},{"taxonomy":"post_tag","embeddable":true,"href":"https:\/\/guillemcalatrava.com\/ca\/wp-json\/wp\/v2\/tags?post=5999"}],"curies":[{"name":"wp","href":"https:\/\/api.w.org\/{rel}","templated":true}]}}