{"id":5981,"date":"2013-07-22T13:14:38","date_gmt":"2013-07-22T11:14:38","guid":{"rendered":"http:\/\/www.guillemcalatrava.com\/ca\/2013\/07\/22\/respondiendo-una-peticion-de-fotos-gratis-noconmisfotos\/"},"modified":"2015-10-19T13:38:23","modified_gmt":"2015-10-19T11:38:23","slug":"respondiendo-una-peticion-de-fotos-gratis-noconmisfotos","status":"publish","type":"post","link":"https:\/\/guillemcalatrava.com\/ca\/2013\/07\/22\/respondiendo-una-peticion-de-fotos-gratis-noconmisfotos\/","title":{"rendered":"Contestant a una petici\u00f3 de fotos gratis #NoConMisFotos"},"content":{"rendered":"<p>Aquest cap de setmana em va arribar un curi\u00f3s email a trav\u00e9s del meu compte de Flickr, us ho copio tradu\u00eft de l&#8217;angl\u00e8s ometent alguns noms per no donar-li publicitat:<br \/>\n[message type=&#8221;simple&#8221; bg_color=&#8221;#EEEEEE&#8221; color=&#8221;#333333&#8243;]<br \/>\nAssumpte: sol\u00b7licitud per posar la teva foto<br \/>\nData: 21 de juliol de 2013<br \/>\nBenvolgut Guillem Calatrava<br \/>\nS\u00f3c M.H. de la revista XXX de T\u00f2quio, Jap\u00f3.<br \/>\nXXX \u00e9s una revista de viatges que parla de cultures, persones i paisatges de tot el m\u00f3n.<br \/>\nRealitzarem un reportatge d&#8217;Espanya a la propera edici\u00f3. La meva p\u00e0gina \u00e9s &#8220;Jo vull anar a Espanya&#8221;. \u00c9s la p\u00e0gina &#8220;introducci\u00f3&#8221; d&#8217;Espanya.<br \/>\nAix\u00ed que estic a la recerca d&#8217;informaci\u00f3, d&#8217;esdeveniments del lloc i altres temes, i estem considerant la possibilitat de posar aquesta foto seva:<br \/>\n<a href=\"http:\/\/www.flickr.com\/photos\/willysbd\/3645828253\/in\/faves-91568716@N02\/\" target=\"_blank\" rel=\"noopener\">http:\/\/www.flickr.com\/photos\/willysbd\/3645828253\/in\/faves-91568716@N02\/<\/a><br \/>\nVoldria demanar-li perm\u00eds per utilitzar la foto a la revista. Ens la podria donar de forma gratu\u00efta? amb el seu nom en els cr\u00e8dits.<br \/>\nEspero la seva resposta.<br \/>\nAgraeixo si envia les dades de la fotografia i el cr\u00e8dit a la seg\u00fcent adre\u00e7a:<br \/>\nxxx@gmail.com<br \/>\nAgraeixo si envia la resposta en un parell de dies.<br \/>\nGr\u00e0cies per la seva consideraci\u00f3.<br \/>\nSalutacions cordials,<br \/>\nM.H.<br \/>\n[\/message]<\/p>\n<p>Davant la meva sorpresa, no vaig trigar a respondre-li:<\/p>\n<p>[message type=&#8221;simple&#8221; bg_color=&#8221;#EEEEEE&#8221; color=&#8221;#333333&#8243;]<br \/>\nBenvolgut\u00a0M.H.,<br \/>\nMoltes gr\u00e0cies per posar-se en contacte amb mi i moltes gr\u00e0cies per haver triat la meva imatge com a candidata per apar\u00e8ixer a la seva revista.<br \/>\nPer desgr\u00e0cia, no li donar\u00e9 aquesta fotografia de forma gratu\u00efta.<br \/>\nS\u00f3c fot\u00f2graf professional, procuro viure de la fotografia, no \u00e9s un passatemps, \u00e9s el meu treball.<br \/>\nSi poses el meu nom sota la fotografia publicada a la revista, no m&#8217;ajudar\u00e0 a pagar el lloguer del meu pis, o la factura de la llum, o el rebut de l&#8217;aigua, o la factura setmanal del menjar (tinc el mal costum de menjar 3 vegades al dia).<br \/>\nA m\u00e9s, la imatge que ha triat est\u00e0 disponible per a la venda en el <a href=\"http:\/\/www.gettyimages.es\/Search\/Search.aspx?assettype=image&amp;artist=Guillem+Calatrava\" target=\"_blank\" rel=\"noopener\">web de Getty Images<\/a>. Malgrat les grans comissions que tenen, prefereixo que, si finalment vol continuar emprant la meva fotografia per il\u00b7lustrar l&#8217;article de la revista, la compri directament a Getty Images.<br \/>\nSi vost\u00e8 est\u00e0 interessat en qualsevol imatge del meu porfoli que no estigui disponible en el meu compte de Getty Images, si us plau, posi&#8217;s en contacte amb mi de nou i podem arribar a un acord econ\u00f2mic.<br \/>\nSalutacions cordials,<br \/>\nGuillem Calatrava<br \/>\n[\/message]<\/p>\n<p>Suposo que aquest senyor seguir\u00e0 navegant per flickr a la recerca d&#8217;alg\u00fa que li regali la seva imatge per il\u00b7lustrar el seu article a la revista. I el pitjor \u00e9s que segurament alg\u00fa li dir\u00e0 que s\u00ed, tot a canvi que aparegui el seu nom impr\u00e8s sota la seva fotografia&#8230;<\/p>\n<p>Per arribar on estic ara, podent-me permetre el luxe de dir que (sobre)visc de la fotografia, m&#8217;ha costat anys d&#8217;estudis (per res barats), anys de tenir treballs malpagats, anys d&#8217;estalviar per poder comprar-me el meu equip fotogr\u00e0fic; i aix\u00f2 \u00e9s un no parar, doncs dia a dia toca lluitar per seguir ampliant coneixements, buscar nous clients, mantenir els que un ja t\u00e9, amortitzar equip per poder renovar-ho quan sigui necessari, pagar els impostos i seguretat social i a m\u00e9s pagar les factures habituals.<\/p>\n<p>En fi, aix\u00f2 no passar\u00e0 mai amb les meves fotos, igual que la majoria de treballadors, jo no treballo gratis.<\/p>\n","protected":false},"excerpt":{"rendered":"<p>Aquest cap de setmana em va arribar un curi\u00f3s email a trav\u00e9s del meu compte de Flickr, us ho copio tradu\u00eft de l&#8217;angl\u00e8s ometent alguns noms per no donar-li publicitat: [message type=&#8221;simple&#8221; bg_color=&#8221;#EEEEEE&#8221; color=&#8221;#333333&#8243;] Assumpte: sol\u00b7licitud per posar la teva foto Data: 21 de juliol de 2013 Benvolgut Guillem Calatrava S\u00f3c M.H. de la revista [&hellip;]<\/p>\n","protected":false},"author":2,"featured_media":3167,"comment_status":"open","ping_status":"open","sticky":false,"template":"","format":"standard","meta":{"_et_pb_use_builder":"","_et_pb_old_content":"","_et_gb_content_width":"","ngg_post_thumbnail":0,"footnotes":""},"categories":[],"tags":[],"class_list":["post-5981","post","type-post","status-publish","format-standard","has-post-thumbnail","hentry"],"_links":{"self":[{"href":"https:\/\/guillemcalatrava.com\/ca\/wp-json\/wp\/v2\/posts\/5981","targetHints":{"allow":["GET"]}}],"collection":[{"href":"https:\/\/guillemcalatrava.com\/ca\/wp-json\/wp\/v2\/posts"}],"about":[{"href":"https:\/\/guillemcalatrava.com\/ca\/wp-json\/wp\/v2\/types\/post"}],"author":[{"embeddable":true,"href":"https:\/\/guillemcalatrava.com\/ca\/wp-json\/wp\/v2\/users\/2"}],"replies":[{"embeddable":true,"href":"https:\/\/guillemcalatrava.com\/ca\/wp-json\/wp\/v2\/comments?post=5981"}],"version-history":[{"count":0,"href":"https:\/\/guillemcalatrava.com\/ca\/wp-json\/wp\/v2\/posts\/5981\/revisions"}],"wp:featuredmedia":[{"embeddable":true,"href":"https:\/\/guillemcalatrava.com\/ca\/wp-json\/wp\/v2\/media\/3167"}],"wp:attachment":[{"href":"https:\/\/guillemcalatrava.com\/ca\/wp-json\/wp\/v2\/media?parent=5981"}],"wp:term":[{"taxonomy":"category","embeddable":true,"href":"https:\/\/guillemcalatrava.com\/ca\/wp-json\/wp\/v2\/categories?post=5981"},{"taxonomy":"post_tag","embeddable":true,"href":"https:\/\/guillemcalatrava.com\/ca\/wp-json\/wp\/v2\/tags?post=5981"}],"curies":[{"name":"wp","href":"https:\/\/api.w.org\/{rel}","templated":true}]}}