{"id":5889,"date":"2013-12-16T13:30:03","date_gmt":"2013-12-16T12:30:03","guid":{"rendered":"http:\/\/www.guillemcalatrava.com\/ca\/2013\/12\/16\/contrastes-en-la-gran-via-de-madrid-durante-el-fotowalkolympus\/"},"modified":"2015-10-19T11:39:39","modified_gmt":"2015-10-19T09:39:39","slug":"contrastes-en-la-gran-via-de-madrid-durante-el-fotowalkolympus","status":"publish","type":"post","link":"https:\/\/guillemcalatrava.com\/ca\/2013\/12\/16\/contrastes-en-la-gran-via-de-madrid-durante-el-fotowalkolympus\/","title":{"rendered":"Contrastos a la Gran Via de Madrid durant el #FotowalkOlympus"},"content":{"rendered":"<p>Aquest passat dissabte vam realitzar el <a style=\"line-height: 1.5em;\" href=\"http:\/\/naturpixel.com\/2013\/10\/21\/te-invitamos-descubrir-la-olympus-omd-e-m1-durante-un-fotowalk\/\" target=\"_blank\" rel=\"noopener\">Fotowalk Olympus<\/a><span style=\"line-height: 1.5em;\">\u00a0a Madrid, a <\/span><a style=\"line-height: 1.5em;\" href=\"http:\/\/naturpixel.com\/2013\/12\/16\/asi-fue-el-fotowalk-olympus-por-madrid-2\/\" target=\"_blank\" rel=\"noopener\">Naturpixel podeu veure una entrada<\/a><span style=\"line-height: 1.5em;\"> explicant qu\u00e8 tal va anar i amb algunes imatges, per\u00f2 aqu\u00ed us volia mostrar tan sol un parell d&#8217;elles.<\/span><\/p>\n<p>Les dues imatges es van fer a la Gran Via de Madrid, per\u00f2 en voreres oposades. M&#8217;agrada el contrast que existeix entre elles, una sembla treta dels anys 50, l&#8217;altra en canvi t\u00e9 un aire bastant m\u00e9s modern.<\/p>\n<p>Ambdues estan disparades amb la Olympus OM-D E-M5 i l&#8217;objectiu 14-150 f\/4-5,6.<\/p>\n<p style=\"text-align: center;\"><a href=\"http:\/\/www.guillemcalatrava.com\/wp-content\/uploads\/P1010190.jpg\"><img loading=\"lazy\" decoding=\"async\" class=\"aligncenter wp-image-3643\" src=\"http:\/\/www.guillemcalatrava.com\/wp-content\/uploads\/P1010190.jpg\" alt=\"P1010190\" width=\"1024\" height=\"768\" srcset=\"https:\/\/guillemcalatrava.com\/wp-content\/uploads\/P1010190.jpg 1024w, https:\/\/guillemcalatrava.com\/wp-content\/uploads\/P1010190-300x225.jpg 300w\" sizes=\"(max-width: 1024px) 100vw, 1024px\" \/><\/a><em>Olympus OM-D E-M1 &#8211; 100mm 1\/200 seg f\/ 5,6 ISO 320, processada amb Lightroom<\/em><\/p>\n<p style=\"text-align: center;\"><a href=\"http:\/\/www.guillemcalatrava.com\/wp-content\/uploads\/P1010196.jpg\"><img loading=\"lazy\" decoding=\"async\" class=\"aligncenter wp-image-3644\" src=\"http:\/\/www.guillemcalatrava.com\/wp-content\/uploads\/P1010196.jpg\" alt=\"P1010196\" width=\"614\" height=\"819\" srcset=\"https:\/\/guillemcalatrava.com\/wp-content\/uploads\/P1010196.jpg 768w, https:\/\/guillemcalatrava.com\/wp-content\/uploads\/P1010196-225x300.jpg 225w\" sizes=\"(max-width: 614px) 100vw, 614px\" \/><\/a><em>Olympus OM-D E-M1 &#8211; 31mm 1\/60 seg f\/ 5,0 ISO 500, processada amb Lightroom<\/em><\/p>\n","protected":false},"excerpt":{"rendered":"<p>Aquest passat dissabte vam realitzar el Fotowalk Olympus\u00a0a Madrid, a Naturpixel podeu veure una entrada explicant qu\u00e8 tal va anar i amb algunes imatges, per\u00f2 aqu\u00ed us volia mostrar tan sol un parell d&#8217;elles. Les dues imatges es van fer a la Gran Via de Madrid, per\u00f2 en voreres oposades. M&#8217;agrada el contrast que existeix [&hellip;]<\/p>\n","protected":false},"author":2,"featured_media":3643,"comment_status":"open","ping_status":"open","sticky":false,"template":"","format":"standard","meta":{"_et_pb_use_builder":"","_et_pb_old_content":"","_et_gb_content_width":"","ngg_post_thumbnail":0,"footnotes":""},"categories":[],"tags":[],"class_list":["post-5889","post","type-post","status-publish","format-standard","has-post-thumbnail","hentry"],"_links":{"self":[{"href":"https:\/\/guillemcalatrava.com\/ca\/wp-json\/wp\/v2\/posts\/5889","targetHints":{"allow":["GET"]}}],"collection":[{"href":"https:\/\/guillemcalatrava.com\/ca\/wp-json\/wp\/v2\/posts"}],"about":[{"href":"https:\/\/guillemcalatrava.com\/ca\/wp-json\/wp\/v2\/types\/post"}],"author":[{"embeddable":true,"href":"https:\/\/guillemcalatrava.com\/ca\/wp-json\/wp\/v2\/users\/2"}],"replies":[{"embeddable":true,"href":"https:\/\/guillemcalatrava.com\/ca\/wp-json\/wp\/v2\/comments?post=5889"}],"version-history":[{"count":0,"href":"https:\/\/guillemcalatrava.com\/ca\/wp-json\/wp\/v2\/posts\/5889\/revisions"}],"wp:featuredmedia":[{"embeddable":true,"href":"https:\/\/guillemcalatrava.com\/ca\/wp-json\/wp\/v2\/media\/3643"}],"wp:attachment":[{"href":"https:\/\/guillemcalatrava.com\/ca\/wp-json\/wp\/v2\/media?parent=5889"}],"wp:term":[{"taxonomy":"category","embeddable":true,"href":"https:\/\/guillemcalatrava.com\/ca\/wp-json\/wp\/v2\/categories?post=5889"},{"taxonomy":"post_tag","embeddable":true,"href":"https:\/\/guillemcalatrava.com\/ca\/wp-json\/wp\/v2\/tags?post=5889"}],"curies":[{"name":"wp","href":"https:\/\/api.w.org\/{rel}","templated":true}]}}