{"id":5875,"date":"2014-01-29T10:30:28","date_gmt":"2014-01-29T09:30:28","guid":{"rendered":"http:\/\/www.guillemcalatrava.com\/ca\/2014\/01\/29\/paseando-por-barcelona-3\/"},"modified":"2015-10-19T11:16:47","modified_gmt":"2015-10-19T09:16:47","slug":"paseando-por-barcelona-3","status":"publish","type":"post","link":"https:\/\/guillemcalatrava.com\/ca\/2014\/01\/29\/paseando-por-barcelona-3\/","title":{"rendered":"Passejant per Barcelona 3"},"content":{"rendered":"<p><a href=\"http:\/\/www.guillemcalatrava.com\/wp-content\/uploads\/FotowalkOlympus.jpg\"><img loading=\"lazy\" decoding=\"async\" class=\"aligncenter size-full wp-image-3720\" src=\"http:\/\/www.guillemcalatrava.com\/wp-content\/uploads\/FotowalkOlympus.jpg\" alt=\"OLYMPUS DIGITAL CAMERA\" width=\"1024\" height=\"508\" srcset=\"https:\/\/guillemcalatrava.com\/wp-content\/uploads\/FotowalkOlympus.jpg 1024w, https:\/\/guillemcalatrava.com\/wp-content\/uploads\/FotowalkOlympus-300x149.jpg 300w\" sizes=\"(max-width: 1024px) 100vw, 1024px\" \/><\/a><\/p>\n<p><span style=\"line-height: 1.5em;\">Dissabte passat vam realitzar l&#8217;\u00faltim dels quatre <\/span><a style=\"line-height: 1.5em;\" title=\"Fotowalk gratu\u00eft amb Naturpixel i Olympus\" href=\"http:\/\/www.guillemcalatrava.com\/ca\/2013\/10\/30\/fotowalk-gratuito-con-naturpixel-y-olympus\/\">Fotowalks Olympus amb Naturpixel<\/a><span style=\"line-height: 1.5em;\">\u00a0que ten\u00edem programats amb motiu de la presentaci\u00f3 de la nova <\/span><a style=\"line-height: 1.5em;\" title=\"Amb la Olympus OM-D E-M1\" href=\"http:\/\/www.guillemcalatrava.com\/ca\/2013\/09\/23\/con-la-olympus-om-d-e-m1\/\">Olympus OM-D E-M1<\/a><span style=\"line-height: 1.5em;\">.<\/span><\/p>\n<p>Durant aquest Fotowalk a Barcelona, vam comptar amb diverses c\u00e0meres del nou model que van anar passant de m\u00e0 en m\u00e0 entre els assistents, per\u00f2 tamb\u00e9 vam comptar amb altres models de c\u00e0meres Olympus, com van ser les Olympus\u00a0<a title=\"Olympus anuncia sus novedades de Photokina\" href=\"http:\/\/naturpixel.com\/2012\/09\/17\/olympus-anuncia-sus-novedades-de-photokina\/\" target=\"_blank\" rel=\"noopener\">PEN E-PL5<\/a>,\u00a0<a title=\"Olympus en la Photokina 2012\" href=\"http:\/\/naturpixel.com\/2012\/09\/24\/olympus-en-la-photokina-2012\/\" target=\"_blank\" rel=\"noopener\">PEN E-PM2<\/a>\u00a0y\u00a0<a title=\"Olympus OM-D EM-5, ya es oficial\" href=\"http:\/\/naturpixel.com\/2012\/02\/08\/olympus-om-d-em-5-ya-es-oficial\/\" target=\"_blank\" rel=\"noopener\">OM-D E-M5<\/a>. Va ser amb una de les OM-D E-M5 que vaig capturar les fotografies que us ensenyo aqu\u00ed.<\/p>\n<p style=\"text-align: center;\"><a href=\"http:\/\/www.guillemcalatrava.com\/wp-content\/uploads\/P1010012.jpg\"><img loading=\"lazy\" decoding=\"async\" class=\"aligncenter size-full wp-image-3714\" src=\"http:\/\/www.guillemcalatrava.com\/wp-content\/uploads\/P1010012.jpg\" alt=\"Fotowalk Olympus con Naturpixel\" width=\"1024\" height=\"768\" srcset=\"https:\/\/guillemcalatrava.com\/wp-content\/uploads\/P1010012.jpg 1024w, https:\/\/guillemcalatrava.com\/wp-content\/uploads\/P1010012-300x225.jpg 300w\" sizes=\"(max-width: 1024px) 100vw, 1024px\" \/><\/a><em>Olympus OM-D E-M5 + objectiu M.Zuiko 14-150mm a 80mm. 1\/100seg. a f\/5,4 i ISO 1600<\/em><\/p>\n<p style=\"text-align: left;\"><span style=\"line-height: 1.5em;\">Aquesta primera fotografia va ser presa en la conflu\u00e8ncia del carrer Sant Anna amb Portal de l&#8217;\u00c0ngel, em vaig fixar en el cartell llumin\u00f3s, i vaig esperar a que pass\u00e9s alg\u00fa, preferiblement una noia o dona per davant per tancar la composici\u00f3. En ser un dia gris i estar en una zona poc il\u00b7luminada, vaig haver de for\u00e7ar a posar una sensibilitat elevada (ISO 1600). Hagu\u00e9s preferit posar tamb\u00e9 una velocitat m\u00e9s alta, per\u00f2 no volia pujar m\u00e9s la ISO per evitar soroll digital en la imatge final.<\/span><\/p>\n<p style=\"text-align: center;\"><a href=\"http:\/\/www.guillemcalatrava.com\/wp-content\/uploads\/P1010084.jpg\"><img loading=\"lazy\" decoding=\"async\" class=\"aligncenter size-full wp-image-3715\" src=\"http:\/\/www.guillemcalatrava.com\/wp-content\/uploads\/P1010084.jpg\" alt=\"Fotowalk Olympus con Naturpixel\" width=\"1024\" height=\"768\" srcset=\"https:\/\/guillemcalatrava.com\/wp-content\/uploads\/P1010084.jpg 1024w, https:\/\/guillemcalatrava.com\/wp-content\/uploads\/P1010084-300x225.jpg 300w\" sizes=\"(max-width: 1024px) 100vw, 1024px\" \/><\/a><em>Olympus OM-D E-M5 + objectiu M.Zuiko 14-150mm a 90mm. 1\/320seg. a f\/6,3 i ISO 200<\/em><\/p>\n<p style=\"text-align: left;\"><span style=\"line-height: 1.5em;\">Aquesta segona fotografia la vaig capturar a la pla\u00e7a Reial. En arribar a aquesta part del recorregut vam tenir la sort que el cel es va comen\u00e7ar a buidar, deixant passar la llum del sol t\u00edmidament entre els n\u00favols grisos. En veure aquesta parella abra\u00e7ats, amb el joc de llums i ombres que es projectaven damunt d&#8217;ells i en el fons, no vaig dubtar a treure la c\u00e0mera i disparar una r\u00e0fega. Ll\u00e0stima del subjecte del fons, hagu\u00e9s estat una foto rodona si hagu\u00e9s sortit a temps de l&#8217;escena&#8230; tinc alguna altra foto amb el subjecte ja fora, per\u00f2 ni la mirada del noi, ni la posici\u00f3 de la parella, ni el joc de llums i ombres acompanyen&#8230; aix\u00ed que tocar\u00e0 conformar-se amb el subjecte &#8220;molest&#8221; del fons.<\/span><\/p>\n<p style=\"text-align: center;\"><a href=\"http:\/\/www.guillemcalatrava.com\/wp-content\/uploads\/P1010094.jpg\"><img loading=\"lazy\" decoding=\"async\" class=\"aligncenter size-full wp-image-3716\" src=\"http:\/\/www.guillemcalatrava.com\/wp-content\/uploads\/P1010094.jpg\" alt=\"Fotowalk Olympus con Naturpixel\" width=\"1024\" height=\"768\" srcset=\"https:\/\/guillemcalatrava.com\/wp-content\/uploads\/P1010094.jpg 1024w, https:\/\/guillemcalatrava.com\/wp-content\/uploads\/P1010094-300x225.jpg 300w\" sizes=\"(max-width: 1024px) 100vw, 1024px\" \/><\/a><em>Olympus OM-D E-M5 + objectiu M.Zuiko 14-150mm a 17mm. 1\/80seg. a f\/4,5 i ISO 200<\/em><\/p>\n<p style=\"text-align: left;\">A la mateixa pla\u00e7a Reial, recolzada a la font central, estava aquesta noia turista (a jutjar per estar consultant un mapa). Tan sols vaig tenir temps de treure la c\u00e0mera, i fer aquesta foto, abans que la noia s&#8217;adon\u00e9s que l&#8217;estava apuntant amb el meu objectiu i marx\u00e9s&#8230; Segurament hagu\u00e9s &#8220;guanyat&#8221; m\u00e9s la imatge sense la fam\u00edlia que creuava la pla\u00e7a per la part de darrere de la font, per\u00f2 en aix\u00f2 de la fotografia de carrer no sempre es troben els elements all\u00ed on un els vol.<\/p>\n","protected":false},"excerpt":{"rendered":"<p>Dissabte passat vam realitzar l&#8217;\u00faltim dels quatre Fotowalks Olympus amb Naturpixel\u00a0que ten\u00edem programats amb motiu de la presentaci\u00f3 de la nova Olympus OM-D E-M1. Durant aquest Fotowalk a Barcelona, vam comptar amb diverses c\u00e0meres del nou model que van anar passant de m\u00e0 en m\u00e0 entre els assistents, per\u00f2 tamb\u00e9 vam comptar amb altres models [&hellip;]<\/p>\n","protected":false},"author":2,"featured_media":3720,"comment_status":"open","ping_status":"open","sticky":false,"template":"","format":"standard","meta":{"_et_pb_use_builder":"","_et_pb_old_content":"","_et_gb_content_width":"","ngg_post_thumbnail":0,"footnotes":""},"categories":[],"tags":[],"class_list":["post-5875","post","type-post","status-publish","format-standard","has-post-thumbnail","hentry"],"_links":{"self":[{"href":"https:\/\/guillemcalatrava.com\/ca\/wp-json\/wp\/v2\/posts\/5875","targetHints":{"allow":["GET"]}}],"collection":[{"href":"https:\/\/guillemcalatrava.com\/ca\/wp-json\/wp\/v2\/posts"}],"about":[{"href":"https:\/\/guillemcalatrava.com\/ca\/wp-json\/wp\/v2\/types\/post"}],"author":[{"embeddable":true,"href":"https:\/\/guillemcalatrava.com\/ca\/wp-json\/wp\/v2\/users\/2"}],"replies":[{"embeddable":true,"href":"https:\/\/guillemcalatrava.com\/ca\/wp-json\/wp\/v2\/comments?post=5875"}],"version-history":[{"count":0,"href":"https:\/\/guillemcalatrava.com\/ca\/wp-json\/wp\/v2\/posts\/5875\/revisions"}],"wp:featuredmedia":[{"embeddable":true,"href":"https:\/\/guillemcalatrava.com\/ca\/wp-json\/wp\/v2\/media\/3720"}],"wp:attachment":[{"href":"https:\/\/guillemcalatrava.com\/ca\/wp-json\/wp\/v2\/media?parent=5875"}],"wp:term":[{"taxonomy":"category","embeddable":true,"href":"https:\/\/guillemcalatrava.com\/ca\/wp-json\/wp\/v2\/categories?post=5875"},{"taxonomy":"post_tag","embeddable":true,"href":"https:\/\/guillemcalatrava.com\/ca\/wp-json\/wp\/v2\/tags?post=5875"}],"curies":[{"name":"wp","href":"https:\/\/api.w.org\/{rel}","templated":true}]}}