{"id":5864,"date":"2014-04-23T12:37:43","date_gmt":"2014-04-23T10:37:43","guid":{"rendered":"http:\/\/www.guillemcalatrava.com\/ca\/2014\/04\/23\/de-nuevo-por-suiza\/"},"modified":"2015-10-19T10:19:54","modified_gmt":"2015-10-19T08:19:54","slug":"de-nuevo-por-suiza","status":"publish","type":"post","link":"https:\/\/guillemcalatrava.com\/ca\/2014\/04\/23\/de-nuevo-por-suiza\/","title":{"rendered":"De nou per Su\u00efssa"},"content":{"rendered":"<p>Aprofitant aquests dies de Setmana Santa he anat de nou per <a href=\"http:\/\/www.guillemcalatrava.com\/ca\/category\/blog\/travel\/suiza\/\">Su\u00efssa<\/a> per visitar a la meva fam\u00edlia. En aquesta ocasi\u00f3, com anava amb cotxe des de Barcelona, em vaig emportar tot l&#8217;equip fotogr\u00e0fic, tr\u00edpode incl\u00f2s!<\/p>\n<p>Al final, l&#8217;equip \u201cgran\u201d nom\u00e9s el vaig utilitzar per fer alguns retrats personals a la meva germana i als seus dos fills, i vaig utilitzar l&#8217;iPhone per capturar algunes fotografies durant els passejos que vam realitzar al voltant de la zona on est\u00e0vem, entre Ginebra (Gen\u00e8ve) i Lausana (Lausanne):<\/p>\n<p><iframe loading=\"lazy\" style=\"border: 0;\" src=\"https:\/\/www.google.com\/maps\/embed?pb=!1m18!1m12!1m3!1d87956.66328352885!2d6.335100050000001!3d46.455716250000016!2m3!1f0!2f0!3f0!3m2!1i1024!2i768!4f13.1!3m3!1m2!1s0x478c467f7651dd71%3A0x410771d05bb21eaa!2sRolle!5e0!3m2!1ses!2ses!4v1398246808154\" width=\"920\" height=\"300\" frameborder=\"0\"><\/iframe><\/p>\n<p>Us deixo amb algunes fotografies:<br \/>\n<div id=\"jig1\" class=\"justified-image-grid jig-af31717f2c82c02ba758b5fb2f624ab6 jig-preset-global jig-source-wp-gallery\"><div class=\"jig-clearfix\"><\/div><noscript id=\"jig1-html\" class=\"justified-image-grid-html\" data-lazy-src=\"skiplazyload\" data-src=\"skipunveillazyload\"><ul><li><a href=\"https:\/\/guillemcalatrava.com\/wp-content\/uploads\/2014-04-17-19.26.21-1.jpg\"><img loading=\"lazy\" decoding=\"async\" src=\"https:\/\/guillemcalatrava.com\/wp-content\/plugins\/justified-image-grid\/timthumb.php?src=https%3A%2F%2Fguillemcalatrava.com%2Fwp-content%2Fuploads%2F2014-04-17-19.26.21-1.jpg&amp;h=480&amp;q=90&amp;f=.jpg\" alt=\"2014-04-17 19.26.21-1\" width=\"480\" height=\"480\" \/><\/a><p class=\"jig-HTMLdescription\">2014-04-17 19.26.21-1<\/p><\/li><li><a href=\"https:\/\/guillemcalatrava.com\/wp-content\/uploads\/2014-04-19-15.58.57-2.jpg\"><img loading=\"lazy\" decoding=\"async\" src=\"https:\/\/guillemcalatrava.com\/wp-content\/plugins\/justified-image-grid\/timthumb.php?src=https%3A%2F%2Fguillemcalatrava.com%2Fwp-content%2Fuploads%2F2014-04-19-15.58.57-2.jpg&amp;h=480&amp;q=90&amp;f=.jpg\" alt=\"2014-04-19 15.58.57-2\" width=\"480\" height=\"480\" \/><\/a><p class=\"jig-HTMLdescription\">2014-04-19 15.58.57-2<\/p><\/li><li><a href=\"https:\/\/guillemcalatrava.com\/wp-content\/uploads\/2014-04-20-15.41.21-1.jpg\"><img loading=\"lazy\" decoding=\"async\" src=\"https:\/\/guillemcalatrava.com\/wp-content\/plugins\/justified-image-grid\/timthumb.php?src=https%3A%2F%2Fguillemcalatrava.com%2Fwp-content%2Fuploads%2F2014-04-20-15.41.21-1.jpg&amp;h=480&amp;q=90&amp;f=.jpg\" alt=\"2014-04-20 15.41.21-1\" width=\"480\" height=\"480\" \/><\/a><p class=\"jig-HTMLdescription\">2014-04-20 15.41.21-1<\/p><\/li><\/ul><\/noscript><\/div><br \/>\nA l&#8217;esquerra, l&#8217;ombra de la meva neboda Nina mentre jugava al gronxador que t\u00e9 a casa seva. Al mitg, un moll al llac L\u00e9man al petit poble medieval de Saint-Prex. A la dreta, part d&#8217;un altre moll del llac L\u00e9man, per\u00f2 a Rolle.<\/p>\n<p><div id=\"jig2\" class=\"justified-image-grid jig-fd2b145720b75c3388b04052070aaf31 jig-preset-global jig-source-wp-gallery\"><div class=\"jig-clearfix\"><\/div><noscript id=\"jig2-html\" class=\"justified-image-grid-html\" data-lazy-src=\"skiplazyload\" data-src=\"skipunveillazyload\"><ul><li><a href=\"https:\/\/guillemcalatrava.com\/wp-content\/uploads\/2014-04-20-16.46.39.jpg\"><img loading=\"lazy\" decoding=\"async\" src=\"https:\/\/guillemcalatrava.com\/wp-content\/plugins\/justified-image-grid\/timthumb.php?src=https%3A%2F%2Fguillemcalatrava.com%2Fwp-content%2Fuploads%2F2014-04-20-16.46.39.jpg&amp;h=480&amp;q=90&amp;f=.jpg\" alt=\"2014-04-20 16.46.39\" width=\"480\" height=\"480\" \/><\/a><p class=\"jig-HTMLdescription\">2014-04-20 16.46.39<\/p><\/li><li><a href=\"https:\/\/guillemcalatrava.com\/wp-content\/uploads\/2014-04-20-18.21.23-1.jpg\"><img loading=\"lazy\" decoding=\"async\" src=\"https:\/\/guillemcalatrava.com\/wp-content\/plugins\/justified-image-grid\/timthumb.php?src=https%3A%2F%2Fguillemcalatrava.com%2Fwp-content%2Fuploads%2F2014-04-20-18.21.23-1.jpg&amp;h=480&amp;q=90&amp;f=.jpg\" alt=\"2014-04-20 18.21.23-1\" width=\"480\" height=\"480\" \/><\/a><p class=\"jig-HTMLdescription\">2014-04-20 18.21.23-1<\/p><\/li><li><a href=\"https:\/\/guillemcalatrava.com\/wp-content\/uploads\/2014-04-20-15.44.54-Editar.jpg\"><img loading=\"lazy\" decoding=\"async\" src=\"https:\/\/guillemcalatrava.com\/wp-content\/plugins\/justified-image-grid\/timthumb.php?src=https%3A%2F%2Fguillemcalatrava.com%2Fwp-content%2Fuploads%2F2014-04-20-15.44.54-Editar.jpg&amp;h=480&amp;q=90&amp;f=.jpg\" alt=\"2014-04-20 15.44.54-Editar\" width=\"480\" height=\"480\" \/><\/a><p class=\"jig-HTMLdescription\">2014-04-20 15.44.54-Editar<\/p><\/li><\/ul><\/noscript><\/div><br \/>\nA l&#8217;esquerra, els jardins del Palau de Just\u00edcia de Lausana. Al mitg, una casa de Rolle. A la dreta, vista pel retrovisor del cotxe el dia que ens en vam anar, deixant enrere les fant\u00e0stiques vistes del llac L\u00e9man.<\/p>\n","protected":false},"excerpt":{"rendered":"<p>Aprofitant aquests dies de Setmana Santa he anat de nou per Su\u00efssa per visitar a la meva fam\u00edlia. En aquesta ocasi\u00f3, com anava amb cotxe des de Barcelona, em vaig emportar tot l&#8217;equip fotogr\u00e0fic, tr\u00edpode incl\u00f2s! Al final, l&#8217;equip \u201cgran\u201d nom\u00e9s el vaig utilitzar per fer alguns retrats personals a la meva germana i als [&hellip;]<\/p>\n","protected":false},"author":2,"featured_media":3888,"comment_status":"open","ping_status":"open","sticky":false,"template":"","format":"standard","meta":{"_et_pb_use_builder":"","_et_pb_old_content":"","_et_gb_content_width":"","ngg_post_thumbnail":0,"footnotes":""},"categories":[],"tags":[],"class_list":["post-5864","post","type-post","status-publish","format-standard","has-post-thumbnail","hentry"],"_links":{"self":[{"href":"https:\/\/guillemcalatrava.com\/ca\/wp-json\/wp\/v2\/posts\/5864","targetHints":{"allow":["GET"]}}],"collection":[{"href":"https:\/\/guillemcalatrava.com\/ca\/wp-json\/wp\/v2\/posts"}],"about":[{"href":"https:\/\/guillemcalatrava.com\/ca\/wp-json\/wp\/v2\/types\/post"}],"author":[{"embeddable":true,"href":"https:\/\/guillemcalatrava.com\/ca\/wp-json\/wp\/v2\/users\/2"}],"replies":[{"embeddable":true,"href":"https:\/\/guillemcalatrava.com\/ca\/wp-json\/wp\/v2\/comments?post=5864"}],"version-history":[{"count":0,"href":"https:\/\/guillemcalatrava.com\/ca\/wp-json\/wp\/v2\/posts\/5864\/revisions"}],"wp:featuredmedia":[{"embeddable":true,"href":"https:\/\/guillemcalatrava.com\/ca\/wp-json\/wp\/v2\/media\/3888"}],"wp:attachment":[{"href":"https:\/\/guillemcalatrava.com\/ca\/wp-json\/wp\/v2\/media?parent=5864"}],"wp:term":[{"taxonomy":"category","embeddable":true,"href":"https:\/\/guillemcalatrava.com\/ca\/wp-json\/wp\/v2\/categories?post=5864"},{"taxonomy":"post_tag","embeddable":true,"href":"https:\/\/guillemcalatrava.com\/ca\/wp-json\/wp\/v2\/tags?post=5864"}],"curies":[{"name":"wp","href":"https:\/\/api.w.org\/{rel}","templated":true}]}}