{"id":5799,"date":"2014-10-17T13:25:59","date_gmt":"2014-10-17T11:25:59","guid":{"rendered":"http:\/\/www.guillemcalatrava.com\/ca\/2014\/10\/17\/recuerdos-fotograficos-de-tailandia\/"},"modified":"2015-10-16T13:04:14","modified_gmt":"2015-10-16T11:04:14","slug":"recuerdos-fotograficos-de-tailandia","status":"publish","type":"post","link":"https:\/\/guillemcalatrava.com\/ca\/2014\/10\/17\/recuerdos-fotograficos-de-tailandia\/","title":{"rendered":"Records fotogr\u00e0fics (de Tail\u00e0ndia)"},"content":{"rendered":"<p>Aquesta setmana fa just un any que estava passejant-me per <a title=\"Tail\u00e0ndia\" href=\"http:\/\/www.guillemcalatrava.com\/ca\/category\/blog\/travel\/tailandia\/\">Tail\u00e0ndia<\/a>\u2026 sens dubte, un dels millors viatges de la meva vida. Tot i\u00a0que van ser pocs dies, 12 en total, els v\u00e0rem viure tan intensament que estic segur que mai ho oblidar\u00e9.<\/p>\n<p>La nost\u00e0lgia m&#8217;ha fet obrir el\u00a0Lightroom, anar a la carpeta de 2013 i buscar la subcarpeta \u201c2013-10 Tail\u00e0ndia\u201d. M&#8217;encanta poder reviure aquest viatge al\u00a0repassar les no m\u00e9s de 500 fotografies que vaig fer. Si, tan sol vaig fer 500 fotografies. Curiosament quan viatjo per motius personals, sense gaireb\u00e9 adonar-me, faig les fotos \u201cjustes\u201d; prefereixo viure el viatge amb qui m&#8217;acompanya, poder empapar-me d&#8217;aquesta nova cultura, gastronomia, paisatge, etc. La meva dona\u00a0sempre es queixa que tinc poques fotos dels nostres viatges i massa d&#8217;aquella \u00faltima sessi\u00f3 de fotos\u2026 Ra\u00f3 no li falta, de fet, repassant l&#8217;arxiu, veig que per exemple vaig disparar m\u00e9s de 1.200 fotografies durant <a title=\"Conducci\u00f3 en neu (2)\" href=\"http:\/\/www.guillemcalatrava.com\/ca\/2014\/03\/06\/conduccion-en-nieve-2\/\">aquell mat\u00ed amb Audi<\/a> o les m\u00e9s de 1.500 que vaig capturar en menys d&#8217;una setmana durant el <a title=\"Pol\u00f2nia\" href=\"http:\/\/www.guillemcalatrava.com\/ca\/category\/blog\/travel\/polonia\/\">viatge a Pol\u00f2nia<\/a> (en el qual ella no estava, clar).<\/p>\n<p style=\"text-align: center;\"><div id=\"jig1\" class=\"justified-image-grid jig-a566b27043d4f6e18120c296382794fa jig-preset-global jig-source-nextgen\"><div class=\"jig-clearfix\"><\/div><noscript id=\"jig1-html\" class=\"justified-image-grid-html\" data-lazy-src=\"skiplazyload\" data-src=\"skipunveillazyload\"><ul><li><a href=\"https:\/\/guillemcalatrava.com\/wp-content\/gallery\/posts\/GCM_9328.jpg\" title=\"GCM_9328\"><img loading=\"lazy\" decoding=\"async\" src=\"https:\/\/guillemcalatrava.com\/wp-content\/plugins\/justified-image-grid\/timthumb.php?src=https%3A%2F%2Fguillemcalatrava.com%2Fwp-content%2Fgallery%2Fposts%2FGCM_9328.jpg&amp;h=950&amp;q=90&amp;f=.jpg\" alt=\"GCM_9328\" width=\"1424\" height=\"950\" \/><\/a><p class=\"jig-HTMLdescription\">GCM_9328<\/p><\/li><\/ul><\/noscript><\/div><em>Monjos budistes al\u00a0Wat Rong Khu, el temple blanc de Chiang Rai (Tail\u00e0ndia), capturant els seus records amb smartphones<\/em><\/p>\n<p>Hi ha qui ho captura tot, amb el visor de la seva c\u00e0mera enganxat\u00a0a l&#8217;ull i no veu m\u00e9s enall\u00e0 del seu zoom. O b\u00e9, ara potser sigui m\u00e9s popular viatjar mirant la pantalla del smartphone de torn\u2026 Em pregunto si realment estaran vivint aquest viatge\u2026 qu\u00e8 faran amb totes aquestes fotografies? tindran la s\u00edndrome de \u201c<em>Di\u00f2genes fotogr\u00e0fic<\/em>\u201c?<\/p>\n<p>Quan jo viatjo no busco tornar a casa amb un tros de la destinaci\u00f3 ficada dins de les meves targetes de mem\u00f2ria, no busco aquelles fotografies perfectes que lliuraria a un client; simplement busco tornar amb records, records fotogr\u00e0fics, de vegades fins i tot males fotos que mai ensenyar\u00e9, per\u00f2 que s\u00f3n records que en veure&#8217;ls em \u201cteletransporten\u201d a aqull moment viscut, a aquella situaci\u00f3, a aquella olor, a aquella persona, a aquell sentiment, etc. No capturo tot el que veig, per\u00f2 si veig (i visc) tot el que capturo; el fet d&#8217;estar vivint el viatge m&#8217;impedeix perdre-m&#8217;ho estant darrere de la c\u00e0mera ajustant exposici\u00f3, calculant profunditat de camp i tal\u2026<\/p>\n<p>Per acabar aquesta reflexi\u00f3, us deixo amb algunes fotografies que em recorden el moment viscut en visitar les padaung o \u201cdones de coll de girafa\u201d, unes refugiades que no posseeixen passaport ni drets com a ciutadans, procedeixen de la part tibetana de Birm\u00e0nia i formen part del grup \u00e8tnic Kayan, Karen o Karenni. Estan establertes en un poblat situat entre Chiang Mai i Chiang Rai, lloc d&#8217;on no les deixen sortir.<\/p>\n<div id=\"jig2\" class=\"justified-image-grid jig-07a32a24339fa6eb6fff3b2ee86f9e0b jig-preset-global jig-source-wp-gallery\"><div class=\"jig-clearfix\"><\/div><noscript id=\"jig2-html\" class=\"justified-image-grid-html\" data-lazy-src=\"skiplazyload\" data-src=\"skipunveillazyload\"><ul><li><a href=\"https:\/\/guillemcalatrava.com\/wp-content\/uploads\/GCM_9372.jpg\" title=\"GCM_9372\"><img loading=\"lazy\" decoding=\"async\" src=\"https:\/\/guillemcalatrava.com\/wp-content\/plugins\/justified-image-grid\/timthumb.php?src=https%3A%2F%2Fguillemcalatrava.com%2Fwp-content%2Fuploads%2FGCM_9372.jpg&amp;h=480&amp;q=90&amp;f=.jpg\" alt=\"GCM_9372\" width=\"320\" height=\"480\" \/><\/a><p class=\"jig-HTMLdescription\">GCM_9372<\/p><\/li><li><a href=\"https:\/\/guillemcalatrava.com\/wp-content\/uploads\/GCM_9360.jpg\" title=\"GCM_9360\"><img loading=\"lazy\" decoding=\"async\" src=\"https:\/\/guillemcalatrava.com\/wp-content\/plugins\/justified-image-grid\/timthumb.php?src=https%3A%2F%2Fguillemcalatrava.com%2Fwp-content%2Fuploads%2FGCM_9360.jpg&amp;h=480&amp;q=90&amp;f=.jpg\" alt=\"GCM_9360\" width=\"719\" height=\"480\" \/><\/a><p class=\"jig-HTMLdescription\">GCM_9360<\/p><\/li><li><a href=\"https:\/\/guillemcalatrava.com\/wp-content\/uploads\/GCM_9346.jpg\" title=\"GCM_9346\"><img loading=\"lazy\" decoding=\"async\" src=\"https:\/\/guillemcalatrava.com\/wp-content\/plugins\/justified-image-grid\/timthumb.php?src=https%3A%2F%2Fguillemcalatrava.com%2Fwp-content%2Fuploads%2FGCM_9346.jpg&amp;h=480&amp;q=90&amp;f=.jpg\" alt=\"GCM_9346\" width=\"719\" height=\"480\" \/><\/a><p class=\"jig-HTMLdescription\">GCM_9346<\/p><\/li><\/ul><\/noscript><\/div>\n<p><div class='one_half'>\n\t\t\t\t\tMalgrat ser \u201cuna atracci\u00f3 tur\u00edstica\u201d, fins i tot cobraven entrada per entrar en el seu poblat, no va deixar de sorprendre&#8217;m. Nenes molt petites plenes de c\u00e8rcols per allargar les seves extremitats (algunes no nom\u00e9s porten els c\u00e8rcols als colls, sin\u00f3 tamb\u00e9 als\u00a0bra\u00e7os, cames i orelles), recolzades al costat de petites barraques en les que hi venien diferents artesanies. Al costat d&#8217;elles es trobaven les seves mares i \u00e0vies, amb espectaculars colls llargs, orelles donades de si\u2026<\/p>\n<p>Podria haver capturat infinitat de fotografies m\u00e9s, i us puc assegurar que tindria &#8220;fotons&#8221;, per\u00f2 vaig preferir jugar amb les nenes, parlar amb les seves mares, riure&#8217;m amb les seves \u00e0vies&#8230; aquests records no caben en cap targeta de mem\u00f2ria.\n\t\t\t\t<\/div><div class='one_half et_column_last'>\n\t\t\t\t\t<div id=\"jig3\" class=\"justified-image-grid jig-b70be36098d16095353f1fe9b5a132b4 jig-preset-global jig-source-wp-gallery\"><div class=\"jig-clearfix\"><\/div><noscript id=\"jig3-html\" class=\"justified-image-grid-html\" data-lazy-src=\"skiplazyload\" data-src=\"skipunveillazyload\"><ul><li><a href=\"https:\/\/guillemcalatrava.com\/wp-content\/uploads\/GCM_9350.jpg\" title=\"GCM_9350\"><img loading=\"lazy\" decoding=\"async\" src=\"https:\/\/guillemcalatrava.com\/wp-content\/plugins\/justified-image-grid\/timthumb.php?src=https%3A%2F%2Fguillemcalatrava.com%2Fwp-content%2Fuploads%2FGCM_9350.jpg&amp;h=480&amp;q=90&amp;f=.jpg\" alt=\"GCM_9350\" width=\"320\" height=\"480\" \/><\/a><p class=\"jig-HTMLdescription\">GCM_9350<\/p><\/li><li><a href=\"https:\/\/guillemcalatrava.com\/wp-content\/uploads\/GCM_9363.jpg\" title=\"GCM_9363\"><img loading=\"lazy\" decoding=\"async\" src=\"https:\/\/guillemcalatrava.com\/wp-content\/plugins\/justified-image-grid\/timthumb.php?src=https%3A%2F%2Fguillemcalatrava.com%2Fwp-content%2Fuploads%2FGCM_9363.jpg&amp;h=480&amp;q=90&amp;f=.jpg\" alt=\"GCM_9363\" width=\"320\" height=\"480\" \/><\/a><p class=\"jig-HTMLdescription\">GCM_9363<\/p><\/li><li><a href=\"https:\/\/guillemcalatrava.com\/wp-content\/uploads\/GCM_9364.jpg\" title=\"GCM_9364\"><img loading=\"lazy\" decoding=\"async\" src=\"https:\/\/guillemcalatrava.com\/wp-content\/plugins\/justified-image-grid\/timthumb.php?src=https%3A%2F%2Fguillemcalatrava.com%2Fwp-content%2Fuploads%2FGCM_9364.jpg&amp;h=480&amp;q=90&amp;f=.jpg\" alt=\"GCM_9364\" width=\"320\" height=\"480\" \/><\/a><p class=\"jig-HTMLdescription\">GCM_9364<\/p><\/li><\/ul><\/noscript><\/div>\n\t\t\t\t<\/div><div class='clear'><\/div><\/p>\n","protected":false},"excerpt":{"rendered":"<p>Aquesta setmana fa just un any que estava passejant-me per Tail\u00e0ndia\u2026 sens dubte, un dels millors viatges de la meva vida. Tot i\u00a0que van ser pocs dies, 12 en total, els v\u00e0rem viure tan intensament que estic segur que mai ho oblidar\u00e9. La nost\u00e0lgia m&#8217;ha fet obrir el\u00a0Lightroom, anar a la carpeta de 2013 i [&hellip;]<\/p>\n","protected":false},"author":2,"featured_media":4379,"comment_status":"open","ping_status":"open","sticky":false,"template":"","format":"standard","meta":{"_et_pb_use_builder":"","_et_pb_old_content":"","_et_gb_content_width":"","ngg_post_thumbnail":0,"footnotes":""},"categories":[],"tags":[],"class_list":["post-5799","post","type-post","status-publish","format-standard","has-post-thumbnail","hentry"],"_links":{"self":[{"href":"https:\/\/guillemcalatrava.com\/ca\/wp-json\/wp\/v2\/posts\/5799","targetHints":{"allow":["GET"]}}],"collection":[{"href":"https:\/\/guillemcalatrava.com\/ca\/wp-json\/wp\/v2\/posts"}],"about":[{"href":"https:\/\/guillemcalatrava.com\/ca\/wp-json\/wp\/v2\/types\/post"}],"author":[{"embeddable":true,"href":"https:\/\/guillemcalatrava.com\/ca\/wp-json\/wp\/v2\/users\/2"}],"replies":[{"embeddable":true,"href":"https:\/\/guillemcalatrava.com\/ca\/wp-json\/wp\/v2\/comments?post=5799"}],"version-history":[{"count":0,"href":"https:\/\/guillemcalatrava.com\/ca\/wp-json\/wp\/v2\/posts\/5799\/revisions"}],"wp:featuredmedia":[{"embeddable":true,"href":"https:\/\/guillemcalatrava.com\/ca\/wp-json\/wp\/v2\/media\/4379"}],"wp:attachment":[{"href":"https:\/\/guillemcalatrava.com\/ca\/wp-json\/wp\/v2\/media?parent=5799"}],"wp:term":[{"taxonomy":"category","embeddable":true,"href":"https:\/\/guillemcalatrava.com\/ca\/wp-json\/wp\/v2\/categories?post=5799"},{"taxonomy":"post_tag","embeddable":true,"href":"https:\/\/guillemcalatrava.com\/ca\/wp-json\/wp\/v2\/tags?post=5799"}],"curies":[{"name":"wp","href":"https:\/\/api.w.org\/{rel}","templated":true}]}}